{"id":9369,"date":"2020-06-16T10:19:50","date_gmt":"2020-06-16T10:19:50","guid":{"rendered":"http:\/\/radiotemuco.com\/home\/?p=9369"},"modified":"2020-06-16T10:19:50","modified_gmt":"2020-06-16T10:19:50","slug":"municipio-de-temuco-lanza-campana-para-apoyar-almacenes-de-barrio","status":"publish","type":"post","link":"https:\/\/radiotemuco.com\/home\/municipio-de-temuco-lanza-campana-para-apoyar-almacenes-de-barrio\/","title":{"rendered":"Municipio de Temuco lanza campa\u00f1a para apoyar almacenes de barrio"},"content":{"rendered":"<p>La campa\u00f1a se inici\u00f3 con la participaci\u00f3n de 141 negocios y comprende la demarcaci\u00f3n y medidas para el distanciamiento social al interior de los locales comerciales de la comuna<br \/>\n\u201cYo compro en mi barrio\u201d, as\u00ed se denomina la nueva campa\u00f1a para preferir la compra de productos en almacenes de barrio, desarrollada por la Unidad de Desarrollo Local (UDEL) de la Municipalidad de Temuco, que busca potenciar el comercio barrial y fortalecer las medidas de seguridad al interior de los locales comerciales.<\/p>\n<p>La iniciativa, en la que se han inscrito 141 locales comerciales de distintos macrosectores de la comuna de distintos rubros como fruter\u00edas, vulcanizaciones, venta de pellet y cl\u00ednicas veterinarias, entre otros, tiene como principal objetivo activar la econom\u00eda en los barrios, de manera que los vecinos prefieran adquirir los productos y servicios en los almacenes cerca de sus domicilios, evitando traslados en locomoci\u00f3n colectiva, minimizando el riesgo de contagiarse con Covid-19.  <\/p>\n<p>Esta campa\u00f1a tambi\u00e9n considera la demarcaci\u00f3n de los locales como una forma de resguardar la seguridad de los clientes y los due\u00f1os de los establecimientos ante la alerta sanitaria vigente en Temuco y el pa\u00eds. El listado completo de establecimientos que actualmente son parte de esta iniciativa, se encuentra disponible en la p\u00e1gina del municipio www.temuco.cl <\/p>\n<p>El alcalde, Miguel Becker, sostuvo que, \u201cm\u00e1s de 140 locales de nuestra ciudad han querido incorporarse a esta idea de poder trabajar en beneficio de la gente y por supuesto, evitar lo m\u00e1s importante, evitar los contagios, los fallecimientos y evitar que nuestra comuna vuelva a caer en cuarentena, que para nosotros es muy complejo. <\/p>\n<p>Esperamos que este tipo de acciones, de mantener la distancia, de no aglomerarse dentro de los locales, de hacer un esfuerzo por lavarse las manos permanentemente, el gel y el uso de la mascarilla, sea tambi\u00e9n un resultado que nos permita tener una ciudad libre de corona virus, que es lo que queremos para nuestro querido Temuco\u201d.<\/p>\n<p>Uno de los due\u00f1os de negocio asociado a esta campa\u00f1a, H\u00e9ctor Larenas de Ecomarket Vecino en el sector de calle Ziem en Pueblo Nuevo, dijo que, \u201cme interesa la se\u00f1al\u00e9tica porque tambi\u00e9n tenemos que proteger a los vecinos y cuidarnos todos, esto no es de uno, sino que, de todos, y con esto la idea es que no entren m\u00e1s de dos personas, podamos mantener la distancia y evitar este virus que anda por todos lados y que es terrible\u201d.<\/p>\n<p>Mientras que Viviana Vilugr\u00f3n de la carnicer\u00eda Carolina, coment\u00f3 que, \u201cnos hicimos parte de esta campa\u00f1a porque queremos cuidar a nuestra clientela que nos ha seguido por m\u00e1s de 40 a\u00f1os y tambi\u00e9n cuidarnos a nosotros mismos. Antes protegimos las vitrinas para poder evitar los contagios y ahora con esto vamos a mantener el distanciamiento y las aglomeraciones con la gente dentro del negocio\u201d.<\/p>\n<p>Las inscripciones para participar de esta campa\u00f1a a\u00fan est\u00e1n disponibles en la p\u00e1gina de la Municipalidad de Temuco, la que adem\u00e1s ser\u00e1 reforzada en terreno por voluntarios de la Oficina Municipal de la Juventud OMJ, para poder demarcar la mayor cantidad locales inscritos en el menor tiempo, buscando as\u00ed proteger a los vecinos que regularmente asisten a los diversos locales en los distintos macrosectores de la comuna.<\/p>\n","protected":false},"excerpt":{"rendered":"<p>La campa\u00f1a se inici\u00f3 con la participaci\u00f3n de 141 negocios y comprende la demarcaci\u00f3n y medidas para el distanciamiento social al interior de los locales comerciales de la comuna \u201cYo compro en mi barrio\u201d, as\u00ed se denomina la nueva campa\u00f1a para preferir la compra de productos en almacenes de barrio, desarrollada por la Unidad de Desarrollo Local (UDEL) de la Municipalidad de Temuco, que busca potenciar el comercio barrial y fortalecer las medidas de seguridad al interior de los locales comerciales. La iniciativa, en la que se han inscrito 141 locales comerciales de distintos macrosectores de la comuna de distintos rubros [&hellip;]<\/p>\n","protected":false},"author":2,"featured_media":9370,"comment_status":"closed","ping_status":"open","sticky":false,"template":"","format":"standard","meta":{"_crdt_document":"","_monsterinsights_skip_tracking":false,"_monsterinsights_sitenote_active":false,"_monsterinsights_sitenote_note":"","_monsterinsights_sitenote_category":0,"_jetpack_memberships_contains_paid_content":false,"footnotes":""},"categories":[8,7,2],"tags":[],"class_list":["post-9369","post","type-post","status-publish","format-standard","has-post-thumbnail","hentry","category-internacional","category-nacional","category-regionales"],"jetpack_featured_media_url":"https:\/\/radiotemuco.com\/home\/wp-content\/uploads\/2020\/06\/DSC_4256.jpg","jetpack_sharing_enabled":true,"_links":{"self":[{"href":"https:\/\/radiotemuco.com\/home\/wp-json\/wp\/v2\/posts\/9369","targetHints":{"allow":["GET"]}}],"collection":[{"href":"https:\/\/radiotemuco.com\/home\/wp-json\/wp\/v2\/posts"}],"about":[{"href":"https:\/\/radiotemuco.com\/home\/wp-json\/wp\/v2\/types\/post"}],"author":[{"embeddable":true,"href":"https:\/\/radiotemuco.com\/home\/wp-json\/wp\/v2\/users\/2"}],"replies":[{"embeddable":true,"href":"https:\/\/radiotemuco.com\/home\/wp-json\/wp\/v2\/comments?post=9369"}],"version-history":[{"count":1,"href":"https:\/\/radiotemuco.com\/home\/wp-json\/wp\/v2\/posts\/9369\/revisions"}],"predecessor-version":[{"id":9371,"href":"https:\/\/radiotemuco.com\/home\/wp-json\/wp\/v2\/posts\/9369\/revisions\/9371"}],"wp:featuredmedia":[{"embeddable":true,"href":"https:\/\/radiotemuco.com\/home\/wp-json\/wp\/v2\/media\/9370"}],"wp:attachment":[{"href":"https:\/\/radiotemuco.com\/home\/wp-json\/wp\/v2\/media?parent=9369"}],"wp:term":[{"taxonomy":"category","embeddable":true,"href":"https:\/\/radiotemuco.com\/home\/wp-json\/wp\/v2\/categories?post=9369"},{"taxonomy":"post_tag","embeddable":true,"href":"https:\/\/radiotemuco.com\/home\/wp-json\/wp\/v2\/tags?post=9369"}],"curies":[{"name":"wp","href":"https:\/\/api.w.org\/{rel}","templated":true}]}}