{"id":9305,"date":"2020-06-09T10:13:00","date_gmt":"2020-06-09T10:13:00","guid":{"rendered":"http:\/\/radiotemuco.com\/home\/?p=9305"},"modified":"2020-06-09T10:13:00","modified_gmt":"2020-06-09T10:13:00","slug":"seguridad-ciudadana-aumenta-infracciones-por-el-no-uso-de-mascarillas-en-temuco","status":"publish","type":"post","link":"https:\/\/radiotemuco.com\/home\/seguridad-ciudadana-aumenta-infracciones-por-el-no-uso-de-mascarillas-en-temuco\/","title":{"rendered":"Seguridad Ciudadana aumenta infracciones por el no uso de mascarillas en Temuco"},"content":{"rendered":"<p>Inspectores municipales y Carabineros superaron las 11 mil fiscalizaciones conjuntas en la capital regional desde el inicio de la Emergencia Sanitaria por Covid-19. <\/p>\n<p>En 1.172% aument\u00f3 el n\u00famero de personas infraccionadas al ser sorprendidas circulando en calles y espacios p\u00fablicos de la comuna de Temuco, sin la utilizaci\u00f3n de elementos de protecci\u00f3n de v\u00edas respiratorias durante mayo, primer mes libre de cuarentena en el radio urbano de la capital regional de La Araucan\u00eda.   <\/p>\n<p>As\u00ed lo confirm\u00f3 el director de la Direcci\u00f3n de Seguridad Ciudadana, Henry Ferrada, quien se\u00f1al\u00f3 que, en mayo, a trav\u00e9s del Programa de Patrullaje Alerta M\u00f3vil, y en conjunto con efectivos de la Segunda y Octava Comisar\u00eda de Carabineros de Temuco, se cursaron 293 multas m\u00e1s que en abril, mes de confinamiento total y obligatorio en la comuna.<\/p>\n<p>\u201cEs l\u00f3gico que sin cuarentena haya aumentado el flujo de personas, pero lamentablemente, la circulaci\u00f3n de personas infractoras a las normas sanitarias vigentes tambi\u00e9n aument\u00f3, por lo cual, tales personas fueron notificadas de infracci\u00f3n por transgredir la Ordenanza Municipal N\u00b01\/2020 que desde el pasado 8 de abril obliga el uso de mascarillas\u201d, explic\u00f3 Ferrada, recordando que tal normativa se mantiene vigente mientras se extienda el Estado de Excepci\u00f3n Constitucional, por Calamidad P\u00fablica, en el pa\u00eds. <\/p>\n<p>\u201cNuestro prop\u00f3sito no es multar a las personas, pero debemos garantizar que se cumplan todas las medidas de autocuidado en favor de la salud de toda la poblaci\u00f3n. No queremos volver a cuarentena, pero depende de nosotros. Si no tomamos las medidas necesarias, la autoridad nacional volver\u00e1 a decretar confinamiento en Temuco y eso es muy negativo para la salud p\u00fablica y todo el quehacer productivo de nuestra comuna\u201d, agreg\u00f3 el alcalde de Temuco, Miguel Becker.<\/p>\n<p>CIFRAS<\/p>\n<p>En detalle, durante abril se realizaron 8.222 fiscalizaciones tanto a transe\u00fantes como a automovilistas, sorprendi\u00e9ndose a 25 personas sin uso de mascarilla. En mayo, en tanto, qued\u00f3 en manifiesto \u201cel relajo de la poblaci\u00f3n\u201d, ya que, siendo menor el n\u00famero de fiscalizaciones realizadas (2.622), se logr\u00f3 infraccionar a 318 personas por transgredir la Ordenanza Municipal. Esto es: cada 8 personas controladas, una infraccionada.<\/p>\n<p>\u201cA luz del dif\u00edcil escenario que atraviesa nuestro pa\u00eds, como Direcci\u00f3n de Seguridad Ciudadana hemos mantenido un f\u00e9rreo compromiso con la poblaci\u00f3n dando cumplimiento a la normativa sanitaria vigente. Durante estos dos meses hemos recorrido barrios, supermercados, ferias libres y plazas p\u00fablicas; de d\u00eda y de noche, alcanzando las 11.662 fiscalizaciones junto a Carabineros, con un saldo de 77 personas detenidas y 343 infracciones cursadas por vulnerar la ordenanza que obliga al uso del protector facial\u201d, cerr\u00f3 el director de Seguridad Ciudadana.<\/p>\n<p>Cabe agregar que en lo que va de junio, Seguridad Ciudadana y Carabineros han desarrollado 114 controles a transe\u00fantes, 139 controles vehiculares, con un saldo de una persona detenida y 9 infracciones por el no uso de mascarillas, incumplimiento que recordemos, podr\u00e1 ser sancionado con multas de hasta 1 UTM ($50.372). <\/p>\n<p>La acci\u00f3n se suma a la estrategia de perifoneo a trav\u00e9s de patrullas m\u00f3viles y en los 61 puntos de C\u00e1maras de Televigilancia instalados en la comuna, que han permitido entregar reiterativamente a la poblaci\u00f3n indicaciones tendientes a evitar nuevos brotes por contagio de coronavirus.<\/p>\n","protected":false},"excerpt":{"rendered":"<p>Inspectores municipales y Carabineros superaron las 11 mil fiscalizaciones conjuntas en la capital regional desde el inicio de la Emergencia Sanitaria por Covid-19. En 1.172% aument\u00f3 el n\u00famero de personas infraccionadas al ser sorprendidas circulando en calles y espacios p\u00fablicos de la comuna de Temuco, sin la utilizaci\u00f3n de elementos de protecci\u00f3n de v\u00edas respiratorias durante mayo, primer mes libre de cuarentena en el radio urbano de la capital regional de La Araucan\u00eda. As\u00ed lo confirm\u00f3 el director de la Direcci\u00f3n de Seguridad Ciudadana, Henry Ferrada, quien se\u00f1al\u00f3 que, en mayo, a trav\u00e9s del Programa de Patrullaje Alerta M\u00f3vil, y en [&hellip;]<\/p>\n","protected":false},"author":2,"featured_media":9306,"comment_status":"closed","ping_status":"open","sticky":false,"template":"","format":"standard","meta":{"_crdt_document":"","_monsterinsights_skip_tracking":false,"_monsterinsights_sitenote_active":false,"_monsterinsights_sitenote_note":"","_monsterinsights_sitenote_category":0,"_jetpack_memberships_contains_paid_content":false,"footnotes":""},"categories":[8,7,2],"tags":[],"class_list":["post-9305","post","type-post","status-publish","format-standard","has-post-thumbnail","hentry","category-internacional","category-nacional","category-regionales"],"jetpack_featured_media_url":"https:\/\/radiotemuco.com\/home\/wp-content\/uploads\/2020\/06\/1-2.jpg","jetpack_sharing_enabled":true,"_links":{"self":[{"href":"https:\/\/radiotemuco.com\/home\/wp-json\/wp\/v2\/posts\/9305","targetHints":{"allow":["GET"]}}],"collection":[{"href":"https:\/\/radiotemuco.com\/home\/wp-json\/wp\/v2\/posts"}],"about":[{"href":"https:\/\/radiotemuco.com\/home\/wp-json\/wp\/v2\/types\/post"}],"author":[{"embeddable":true,"href":"https:\/\/radiotemuco.com\/home\/wp-json\/wp\/v2\/users\/2"}],"replies":[{"embeddable":true,"href":"https:\/\/radiotemuco.com\/home\/wp-json\/wp\/v2\/comments?post=9305"}],"version-history":[{"count":1,"href":"https:\/\/radiotemuco.com\/home\/wp-json\/wp\/v2\/posts\/9305\/revisions"}],"predecessor-version":[{"id":9307,"href":"https:\/\/radiotemuco.com\/home\/wp-json\/wp\/v2\/posts\/9305\/revisions\/9307"}],"wp:featuredmedia":[{"embeddable":true,"href":"https:\/\/radiotemuco.com\/home\/wp-json\/wp\/v2\/media\/9306"}],"wp:attachment":[{"href":"https:\/\/radiotemuco.com\/home\/wp-json\/wp\/v2\/media?parent=9305"}],"wp:term":[{"taxonomy":"category","embeddable":true,"href":"https:\/\/radiotemuco.com\/home\/wp-json\/wp\/v2\/categories?post=9305"},{"taxonomy":"post_tag","embeddable":true,"href":"https:\/\/radiotemuco.com\/home\/wp-json\/wp\/v2\/tags?post=9305"}],"curies":[{"name":"wp","href":"https:\/\/api.w.org\/{rel}","templated":true}]}}