{"id":8943,"date":"2020-04-15T16:46:17","date_gmt":"2020-04-15T16:46:17","guid":{"rendered":"http:\/\/radiotemuco.com\/home\/?p=8943"},"modified":"2020-04-15T16:46:17","modified_gmt":"2020-04-15T16:46:17","slug":"826-son-los-casos-confirmados-de-covid-19-en-la-araucania","status":"publish","type":"post","link":"https:\/\/radiotemuco.com\/home\/826-son-los-casos-confirmados-de-covid-19-en-la-araucania\/","title":{"rendered":"826 son los casos confirmados de COVID- 19 en La Araucan\u00eda"},"content":{"rendered":"<p>Durante el d\u00eda ayer fueron 10 los nuevos casos confirmados de COVID- 19 en la regi\u00f3n con corte de informaci\u00f3n a las 21 hrs. Estos nuevos casos sumados a los confirmados anteriormente, nos entregan la siguiente distribuci\u00f3n comunal:<\/p>\n<p>Comuna de residencia    N\u00b0 de casos<\/p>\n<p>Angol                     33<br \/>\nCarahue                   19<br \/>\nChol-Chol                  3<br \/>\nCunco                      5<br \/>\nCuracaut\u00edn                 4<br \/>\nCurarrehue                 4<br \/>\nErcilla                    4<br \/>\nFreire                     5<br \/>\nGalvarino                  2<br \/>\nGorbea                    10<br \/>\nLautaro                   25<br \/>\nLoncoche                  10<br \/>\nNueva Imperial            30<br \/>\nPadre Las Casas           63<br \/>\nPerquenco                  2<br \/>\nPitrufquen                15<br \/>\nPuc\u00f3n                      8<br \/>\nPuren                      2<br \/>\nRenaico                    4<br \/>\nSaavedra                   1<br \/>\nTemuco                   504<br \/>\nTeodoro Schmidt            4<br \/>\nTolten                     8<br \/>\nTraigu\u00e9n                   1<br \/>\nVictoria                  14<br \/>\nVilcun                    27<br \/>\nVillarrica                17<br \/>\nTotal General            824<\/p>\n<p>Se extraen 2 casos del an\u00e1lisis, puesto que presentan residencia en Regi\u00f3n del Biob\u00edo.<\/p>\n<p>Sexo  N\u00b0    Casos<br \/>\nHombre       414<br \/>\nMujer        412<br \/>\nFallecidos    21<\/p>\n<p>De la totalidad de casos 105 se encuentran hospitalizados, de estos, 60 en Unidades de Paciente Cr\u00edtico (UTI 13- UCI 47) y 41 conectados a ventilador mec\u00e1nico de los cuales 29 se encuentran en establecimientos de la red p\u00fablica y 12 en cl\u00ednicas privadas.<\/p>\n<p>Estos antecedentes de los nuevos 10 casos de Covid- 19 confirmados, se suman a los 816 ya conocidos, sumando un total de 826 casos confirmados en la regi\u00f3n de La Araucan\u00eda.<\/p>\n","protected":false},"excerpt":{"rendered":"<p>Durante el d\u00eda ayer fueron 10 los nuevos casos confirmados de COVID- 19 en la regi\u00f3n con corte de informaci\u00f3n a las 21 hrs. Estos nuevos casos sumados a los confirmados anteriormente, nos entregan la siguiente distribuci\u00f3n comunal: Comuna de residencia N\u00b0 de casos Angol 33 Carahue 19 Chol-Chol 3 Cunco 5 Curacaut\u00edn 4 Curarrehue 4 Ercilla 4 Freire 5 Galvarino 2 Gorbea 10 Lautaro 25 Loncoche 10 Nueva Imperial 30 Padre Las Casas 63 Perquenco 2 Pitrufquen 15 Puc\u00f3n 8 Puren 2 Renaico 4 Saavedra 1 Temuco 504 Teodoro Schmidt 4 Tolten 8 Traigu\u00e9n 1 Victoria 14 Vilcun 27 Villarrica [&hellip;]<\/p>\n","protected":false},"author":2,"featured_media":8944,"comment_status":"closed","ping_status":"open","sticky":false,"template":"","format":"standard","meta":{"_crdt_document":"","_monsterinsights_skip_tracking":false,"_monsterinsights_sitenote_active":false,"_monsterinsights_sitenote_note":"","_monsterinsights_sitenote_category":0,"_jetpack_memberships_contains_paid_content":false,"footnotes":""},"categories":[8,7,2],"tags":[],"class_list":["post-8943","post","type-post","status-publish","format-standard","has-post-thumbnail","hentry","category-internacional","category-nacional","category-regionales"],"jetpack_featured_media_url":"https:\/\/radiotemuco.com\/home\/wp-content\/uploads\/2020\/04\/1-3.jpg","jetpack_sharing_enabled":true,"_links":{"self":[{"href":"https:\/\/radiotemuco.com\/home\/wp-json\/wp\/v2\/posts\/8943","targetHints":{"allow":["GET"]}}],"collection":[{"href":"https:\/\/radiotemuco.com\/home\/wp-json\/wp\/v2\/posts"}],"about":[{"href":"https:\/\/radiotemuco.com\/home\/wp-json\/wp\/v2\/types\/post"}],"author":[{"embeddable":true,"href":"https:\/\/radiotemuco.com\/home\/wp-json\/wp\/v2\/users\/2"}],"replies":[{"embeddable":true,"href":"https:\/\/radiotemuco.com\/home\/wp-json\/wp\/v2\/comments?post=8943"}],"version-history":[{"count":1,"href":"https:\/\/radiotemuco.com\/home\/wp-json\/wp\/v2\/posts\/8943\/revisions"}],"predecessor-version":[{"id":8945,"href":"https:\/\/radiotemuco.com\/home\/wp-json\/wp\/v2\/posts\/8943\/revisions\/8945"}],"wp:featuredmedia":[{"embeddable":true,"href":"https:\/\/radiotemuco.com\/home\/wp-json\/wp\/v2\/media\/8944"}],"wp:attachment":[{"href":"https:\/\/radiotemuco.com\/home\/wp-json\/wp\/v2\/media?parent=8943"}],"wp:term":[{"taxonomy":"category","embeddable":true,"href":"https:\/\/radiotemuco.com\/home\/wp-json\/wp\/v2\/categories?post=8943"},{"taxonomy":"post_tag","embeddable":true,"href":"https:\/\/radiotemuco.com\/home\/wp-json\/wp\/v2\/tags?post=8943"}],"curies":[{"name":"wp","href":"https:\/\/api.w.org\/{rel}","templated":true}]}}