{"id":8604,"date":"2020-02-28T20:31:12","date_gmt":"2020-02-28T20:31:12","guid":{"rendered":"http:\/\/radiotemuco.com\/home\/?p=8604"},"modified":"2020-02-28T20:31:12","modified_gmt":"2020-02-28T20:31:12","slug":"carabineros-detiene-a-dos-sujetos-por-saqueos-en-sector-pedro-de-valdivia-de-temuco","status":"publish","type":"post","link":"https:\/\/radiotemuco.com\/home\/carabineros-detiene-a-dos-sujetos-por-saqueos-en-sector-pedro-de-valdivia-de-temuco\/","title":{"rendered":"Carabineros detiene a dos sujetos por saqueos en sector Pedro de Valdivia de Temuco"},"content":{"rendered":"<p>Carabineros y su servicio especializado OS-9, detuvieron en las \u00faltimas horas a dos sujetos por delitos de robo en lugar no habitado y saqueo registrados en el sector Pedro de Valdivia en Temuco.<\/p>\n<p>Se trata de dos procedimientos, registrados en la madrugada de este jueves y viernes en los supermercados Acuenta y Mayorista 10.<\/p>\n<p>Carabineros en diligencias investigativas desarrolladas por el OS-9 Araucan\u00eda, logran horas m\u00e1s tarde la detenci\u00f3n de J.C.G. de 21 a\u00f1os por su participaci\u00f3n en el delito de robo en lugar no habitado que afect\u00f3 el jueves al supermercado Acuenta.<\/p>\n<p>El imputado, pas\u00f3 a audiencia de control de la detenci\u00f3n en el Juzgado de Garant\u00eda de Temuco, donde qued\u00f3 en prisi\u00f3n preventiva, aplic\u00e1ndose en su contra la nueva legislaci\u00f3n antisaqueos.<\/p>\n<p>&#8220;Carabineros del OS-9 Araucan\u00eda en un proceso investigativo logr\u00f3 la detenci\u00f3n de un individuo vinculado a un delito de robo en lugar no habitado que afect\u00f3 a un supermercado en el sector Pedro de Valdivia de Temuco, donde un n\u00famero indeterminado de sujetos sustrajo distintas especies desde su interior, incautando distintos productos asociados al il\u00edcito&#8221;, precis\u00f3 la Mayor Ximena Valle, comisario de la 8a. Comisar\u00eda de Carabineros \u201cTemuco\u201d.<\/p>\n<p>En tanto, en la madrugada de este viernes un segundo procedimiento de similares caracter\u00edsticas se registr\u00f3 en el supermercado Mayorista 10, donde result\u00f3 detenido una persona por su participaci\u00f3n en el robo de especies desde el interior.<\/p>\n<p>En las inmediaciones, sujetos hab\u00edan levantado barricadas y arrojado objetos contundentes y artefactos incendiarios a personal de Carabineros que lleg\u00f3 a reestablecer el orden p\u00fablico quebrantado.<\/p>\n<p>El detenido, adulto, fue presentado al Juzgado de Garant\u00eda de Temuco donde qued\u00f3 en libertad con medidas cautelares alternativas a la c\u00e1rcel.<\/p>\n","protected":false},"excerpt":{"rendered":"<p>Carabineros y su servicio especializado OS-9, detuvieron en las \u00faltimas horas a dos sujetos por delitos de robo en lugar no habitado y saqueo registrados en el sector Pedro de Valdivia en Temuco. Se trata de dos procedimientos, registrados en la madrugada de este jueves y viernes en los supermercados Acuenta y Mayorista 10. Carabineros en diligencias investigativas desarrolladas por el OS-9 Araucan\u00eda, logran horas m\u00e1s tarde la detenci\u00f3n de J.C.G. de 21 a\u00f1os por su participaci\u00f3n en el delito de robo en lugar no habitado que afect\u00f3 el jueves al supermercado Acuenta. El imputado, pas\u00f3 a audiencia de control de [&hellip;]<\/p>\n","protected":false},"author":2,"featured_media":8605,"comment_status":"closed","ping_status":"open","sticky":false,"template":"","format":"standard","meta":{"_crdt_document":"","_monsterinsights_skip_tracking":false,"_monsterinsights_sitenote_active":false,"_monsterinsights_sitenote_note":"","_monsterinsights_sitenote_category":0,"_jetpack_memberships_contains_paid_content":false,"footnotes":""},"categories":[7,2],"tags":[],"class_list":["post-8604","post","type-post","status-publish","format-standard","has-post-thumbnail","hentry","category-nacional","category-regionales"],"jetpack_featured_media_url":"https:\/\/radiotemuco.com\/home\/wp-content\/uploads\/2020\/02\/1-6.jpg","jetpack_sharing_enabled":true,"_links":{"self":[{"href":"https:\/\/radiotemuco.com\/home\/wp-json\/wp\/v2\/posts\/8604","targetHints":{"allow":["GET"]}}],"collection":[{"href":"https:\/\/radiotemuco.com\/home\/wp-json\/wp\/v2\/posts"}],"about":[{"href":"https:\/\/radiotemuco.com\/home\/wp-json\/wp\/v2\/types\/post"}],"author":[{"embeddable":true,"href":"https:\/\/radiotemuco.com\/home\/wp-json\/wp\/v2\/users\/2"}],"replies":[{"embeddable":true,"href":"https:\/\/radiotemuco.com\/home\/wp-json\/wp\/v2\/comments?post=8604"}],"version-history":[{"count":1,"href":"https:\/\/radiotemuco.com\/home\/wp-json\/wp\/v2\/posts\/8604\/revisions"}],"predecessor-version":[{"id":8606,"href":"https:\/\/radiotemuco.com\/home\/wp-json\/wp\/v2\/posts\/8604\/revisions\/8606"}],"wp:featuredmedia":[{"embeddable":true,"href":"https:\/\/radiotemuco.com\/home\/wp-json\/wp\/v2\/media\/8605"}],"wp:attachment":[{"href":"https:\/\/radiotemuco.com\/home\/wp-json\/wp\/v2\/media?parent=8604"}],"wp:term":[{"taxonomy":"category","embeddable":true,"href":"https:\/\/radiotemuco.com\/home\/wp-json\/wp\/v2\/categories?post=8604"},{"taxonomy":"post_tag","embeddable":true,"href":"https:\/\/radiotemuco.com\/home\/wp-json\/wp\/v2\/tags?post=8604"}],"curies":[{"name":"wp","href":"https:\/\/api.w.org\/{rel}","templated":true}]}}