{"id":8129,"date":"2019-12-04T19:23:09","date_gmt":"2019-12-04T19:23:09","guid":{"rendered":"http:\/\/radiotemuco.com\/home\/?p=8129"},"modified":"2019-12-04T19:23:09","modified_gmt":"2019-12-04T19:23:09","slug":"pdi-recupera-indumentaria-oficial-de-deportes-temuco-avaluadas-en-25-millones","status":"publish","type":"post","link":"https:\/\/radiotemuco.com\/home\/pdi-recupera-indumentaria-oficial-de-deportes-temuco-avaluadas-en-25-millones\/","title":{"rendered":"PDI recupera indumentaria oficial de Deportes Temuco avaluadas en $25 millones"},"content":{"rendered":"<p>Detectives de la Brigada Investigadora de Robos (Biro ) Temuco, detuvieron a un hombre de 49 a\u00f1os por el delito flagrante de receptaci\u00f3n, y recuperaron parte de la indumentaria oficial del equipo Deportes Temuco, sustra\u00edda hace dos semanas desde una tienda en el centro de la capital regional.<\/p>\n<p>Los detectives, el pasado 15 de noviembre, concurrieron hasta la tienda \u201cAlbiverde\u201d tras ser afectada por el delito de robo en lugar no habitado, instancia en que los autores sustrayeron vestimenta oficial de Deportes Temuco.<\/p>\n<p>La comisaria Yohana Figueroa Salda\u00f1a de la Biro Temuco, explic\u00f3 que \u201clos autores de este hecho ingresaron a la tienda a trav\u00e9s del escalamiento de una vivienda contigua para posteriormente efectuar un forado en el techo de la tienda. Una vez en el interior utilizaron diversas maniobras distractivas para no ser descubiertos, como por ejemplo, el uso de guantes, cobertura con cinta adhesiva de los distintos dispositivos de seguridad, incluso la desconexi\u00f3n del suministro el\u00e9ctrico\u201d.<\/p>\n<p>A pesar de las t\u00e9cnicas evasivas, y luego de diversas diligencias investigativas, y tras el arduo trabajo cient\u00edfico-t\u00e9cnico efectuado por los detectives \u201cen el domicilio del detenido, se logr\u00f3 la recuperaci\u00f3n parcial de las especies sustra\u00eddas y la aprehensi\u00f3n del sujeto mencionado anteriormente, quien no tan solo manten\u00eda antecedentes policiales por diversos robos, sino que tambi\u00e9n por el delito de homicidio\u201d, a\u00f1adi\u00f3 la comisaria Figueroa. <\/p>\n<p>Por instrucci\u00f3n del fiscal de turno, el detenido fue puesto a disposici\u00f3n del Juzgado de Garant\u00eda de Temuco, para el correspondiente control de detenci\u00f3n.<\/p>\n","protected":false},"excerpt":{"rendered":"<p>Detectives de la Brigada Investigadora de Robos (Biro ) Temuco, detuvieron a un hombre de 49 a\u00f1os por el delito flagrante de receptaci\u00f3n, y recuperaron parte de la indumentaria oficial del equipo Deportes Temuco, sustra\u00edda hace dos semanas desde una tienda en el centro de la capital regional. Los detectives, el pasado 15 de noviembre, concurrieron hasta la tienda \u201cAlbiverde\u201d tras ser afectada por el delito de robo en lugar no habitado, instancia en que los autores sustrayeron vestimenta oficial de Deportes Temuco. La comisaria Yohana Figueroa Salda\u00f1a de la Biro Temuco, explic\u00f3 que \u201clos autores de este hecho ingresaron a [&hellip;]<\/p>\n","protected":false},"author":2,"featured_media":8130,"comment_status":"closed","ping_status":"open","sticky":false,"template":"","format":"standard","meta":{"_crdt_document":"","_monsterinsights_skip_tracking":false,"_monsterinsights_sitenote_active":false,"_monsterinsights_sitenote_note":"","_monsterinsights_sitenote_category":0,"_jetpack_memberships_contains_paid_content":false,"footnotes":""},"categories":[7,2],"tags":[],"class_list":["post-8129","post","type-post","status-publish","format-standard","has-post-thumbnail","hentry","category-nacional","category-regionales"],"jetpack_featured_media_url":"https:\/\/radiotemuco.com\/home\/wp-content\/uploads\/2019\/12\/4.jpg","jetpack_sharing_enabled":true,"_links":{"self":[{"href":"https:\/\/radiotemuco.com\/home\/wp-json\/wp\/v2\/posts\/8129","targetHints":{"allow":["GET"]}}],"collection":[{"href":"https:\/\/radiotemuco.com\/home\/wp-json\/wp\/v2\/posts"}],"about":[{"href":"https:\/\/radiotemuco.com\/home\/wp-json\/wp\/v2\/types\/post"}],"author":[{"embeddable":true,"href":"https:\/\/radiotemuco.com\/home\/wp-json\/wp\/v2\/users\/2"}],"replies":[{"embeddable":true,"href":"https:\/\/radiotemuco.com\/home\/wp-json\/wp\/v2\/comments?post=8129"}],"version-history":[{"count":1,"href":"https:\/\/radiotemuco.com\/home\/wp-json\/wp\/v2\/posts\/8129\/revisions"}],"predecessor-version":[{"id":8131,"href":"https:\/\/radiotemuco.com\/home\/wp-json\/wp\/v2\/posts\/8129\/revisions\/8131"}],"wp:featuredmedia":[{"embeddable":true,"href":"https:\/\/radiotemuco.com\/home\/wp-json\/wp\/v2\/media\/8130"}],"wp:attachment":[{"href":"https:\/\/radiotemuco.com\/home\/wp-json\/wp\/v2\/media?parent=8129"}],"wp:term":[{"taxonomy":"category","embeddable":true,"href":"https:\/\/radiotemuco.com\/home\/wp-json\/wp\/v2\/categories?post=8129"},{"taxonomy":"post_tag","embeddable":true,"href":"https:\/\/radiotemuco.com\/home\/wp-json\/wp\/v2\/tags?post=8129"}],"curies":[{"name":"wp","href":"https:\/\/api.w.org\/{rel}","templated":true}]}}