{"id":7849,"date":"2019-10-29T18:37:17","date_gmt":"2019-10-29T18:37:17","guid":{"rendered":"http:\/\/radiotemuco.com\/home\/?p=7849"},"modified":"2019-10-29T18:37:17","modified_gmt":"2019-10-29T18:37:17","slug":"seremi-de-agricultura-participa-de-dia-de-campo-en-carahue-donde-se-dieron-a-conocer-nuevas-tecnicas-de-regadio","status":"publish","type":"post","link":"https:\/\/radiotemuco.com\/home\/seremi-de-agricultura-participa-de-dia-de-campo-en-carahue-donde-se-dieron-a-conocer-nuevas-tecnicas-de-regadio\/","title":{"rendered":"Seremi de Agricultura participa de D\u00eda de Campo en Carahue donde se dieron a conocer nuevas t\u00e9cnicas de regad\u00edo"},"content":{"rendered":"<p>Ricardo Senn, dijo que estas iniciativas de transferencia de tecnolog\u00edas, van en directo beneficio de los agricultores, lo que est\u00e1 en la l\u00ednea del Plan Impulso, &#8220;sobre todo, en estos d\u00edas que han sido complejos, donde se tiene la oportunidad de conversar, de reconstruir confianzas y de generar un camino unidos&#8221;.<\/p>\n<p>En la comuna de Carahue m\u00e1s de 100 personas participaron de un D\u00eda de Campo donde se dieron a conocer nuevas t\u00e9cnicas de regad\u00edo, mediante charlas realizadas por expertos de centros de investigaci\u00f3n y exposiciones pr\u00e1cticas con las empresas del rubro quienes mostraron en terreno el funcionamiento de sus equipos de riego.<\/p>\n<p>La actividad se realiz\u00f3 en un predio del sector Chacay en la ribera sur del r\u00edo Imperial y all\u00ed asistieron agricultores usuarios de INDAP, profesionales de los equipos del Programa Desarrollo Territorial Ind\u00edgena, (PDTI) de Carahue y de Puerto Saavedra, expositores, el equipo del convenio de la Comisi\u00f3n Nacional de Riego y del Gobierno Regional (CNR-GORE), adem\u00e1s de invitados especiales,  autoridades locales y regionales.<\/p>\n<p>&#8220;Que importante es cuando los servicios del agro, dependientes del Ministerio de Agricultura, como la CNR y el INDAP, se re\u00fanen para organizar una actividad que va en directo beneficio de los agricultores de la zona costera, como de Carahue y Puerto Saavedra, donde tuvieron la oportunidad de aprender de nuevas t\u00e9cnicas de riego, de ver sistemas de regad\u00edo operando, que fueron instalados para estas capacitaciones, adem\u00e1s de compartir con los profesionales, acad\u00e9micos y expertos junto a  los equipos t\u00e9cnicos que el Minagri y el Gobierno dispuso para ellos, todo lo cual va en la l\u00ednea del Plan Impulso&#8221;, dijo el seremi de Agricultura, Ricardo Senn.<\/p>\n<p>La autoridad regional del agro agreg\u00f3 que el D\u00eda de Campo se desarroll\u00f3 &#8220;sobre todo, en estos d\u00edas que han sido complejos, donde se tiene la oportunidad de conversar con los agricultores, de reconstruir confianzas, de generar un camino unidos; Gobierno, agricultura, porque son tan importantes, nuestros peque\u00f1os agricultores, para la seguridad agroalimentaria, que en realidad para nosotros es una satisfacci\u00f3n poder compartir con ellos. Lo cual esta es la l\u00ednea que queremos marcar para la Regi\u00f3n, de di\u00e1logo, de diversificaci\u00f3n, de regad\u00edo, de cuidar el agua y de consciencia medioambiental. Creo que todo eso confluye en un D\u00eda de Campo maravilloso donde la uni\u00f3n no solo se hace entre agricultores, municipio y el ministerio, sino, al interior de los servicios del Minagri, que han logrado confluir en una visi\u00f3n com\u00fan que nos permite sacar a la Regi\u00f3n adelante&#8221;, mencion\u00f3 el seremi de Agricultura, Ricardo Senn.<\/p>\n","protected":false},"excerpt":{"rendered":"<p>Ricardo Senn, dijo que estas iniciativas de transferencia de tecnolog\u00edas, van en directo beneficio de los agricultores, lo que est\u00e1 en la l\u00ednea del Plan Impulso, &#8220;sobre todo, en estos d\u00edas que han sido complejos, donde se tiene la oportunidad de conversar, de reconstruir confianzas y de generar un camino unidos&#8221;. En la comuna de Carahue m\u00e1s de 100 personas participaron de un D\u00eda de Campo donde se dieron a conocer nuevas t\u00e9cnicas de regad\u00edo, mediante charlas realizadas por expertos de centros de investigaci\u00f3n y exposiciones pr\u00e1cticas con las empresas del rubro quienes mostraron en terreno el funcionamiento de sus equipos [&hellip;]<\/p>\n","protected":false},"author":2,"featured_media":7850,"comment_status":"closed","ping_status":"open","sticky":false,"template":"","format":"standard","meta":{"_crdt_document":"","_monsterinsights_skip_tracking":false,"_monsterinsights_sitenote_active":false,"_monsterinsights_sitenote_note":"","_monsterinsights_sitenote_category":0,"_jetpack_memberships_contains_paid_content":false,"footnotes":""},"categories":[7,2],"tags":[],"class_list":["post-7849","post","type-post","status-publish","format-standard","has-post-thumbnail","hentry","category-nacional","category-regionales"],"jetpack_featured_media_url":"https:\/\/radiotemuco.com\/home\/wp-content\/uploads\/2019\/10\/3-11.jpg","jetpack_sharing_enabled":true,"_links":{"self":[{"href":"https:\/\/radiotemuco.com\/home\/wp-json\/wp\/v2\/posts\/7849","targetHints":{"allow":["GET"]}}],"collection":[{"href":"https:\/\/radiotemuco.com\/home\/wp-json\/wp\/v2\/posts"}],"about":[{"href":"https:\/\/radiotemuco.com\/home\/wp-json\/wp\/v2\/types\/post"}],"author":[{"embeddable":true,"href":"https:\/\/radiotemuco.com\/home\/wp-json\/wp\/v2\/users\/2"}],"replies":[{"embeddable":true,"href":"https:\/\/radiotemuco.com\/home\/wp-json\/wp\/v2\/comments?post=7849"}],"version-history":[{"count":1,"href":"https:\/\/radiotemuco.com\/home\/wp-json\/wp\/v2\/posts\/7849\/revisions"}],"predecessor-version":[{"id":7851,"href":"https:\/\/radiotemuco.com\/home\/wp-json\/wp\/v2\/posts\/7849\/revisions\/7851"}],"wp:featuredmedia":[{"embeddable":true,"href":"https:\/\/radiotemuco.com\/home\/wp-json\/wp\/v2\/media\/7850"}],"wp:attachment":[{"href":"https:\/\/radiotemuco.com\/home\/wp-json\/wp\/v2\/media?parent=7849"}],"wp:term":[{"taxonomy":"category","embeddable":true,"href":"https:\/\/radiotemuco.com\/home\/wp-json\/wp\/v2\/categories?post=7849"},{"taxonomy":"post_tag","embeddable":true,"href":"https:\/\/radiotemuco.com\/home\/wp-json\/wp\/v2\/tags?post=7849"}],"curies":[{"name":"wp","href":"https:\/\/api.w.org\/{rel}","templated":true}]}}