{"id":7788,"date":"2019-10-19T16:33:34","date_gmt":"2019-10-19T16:33:34","guid":{"rendered":"http:\/\/radiotemuco.com\/home\/?p=7788"},"modified":"2019-10-19T16:33:34","modified_gmt":"2019-10-19T16:33:34","slug":"bomba-espana-de-temuco-celebro-su-aniversario-numero-111","status":"publish","type":"post","link":"https:\/\/radiotemuco.com\/home\/bomba-espana-de-temuco-celebro-su-aniversario-numero-111\/","title":{"rendered":"&#8220;Bomba Espa\u00f1a&#8221; de Temuco celebr\u00f3 su aniversario n\u00famero 111"},"content":{"rendered":"<p>Con entrega de medallas a quienes cumplieron 10 y 20 a\u00f1os de servicio, la Cuarta Compa\u00f1\u00eda \u201cBomba Espa\u00f1a\u201d del Cuerpo de Bomberos de Temuco celebr\u00f3 su aniversario n\u00famero 111.<\/p>\n<p>La tradicional sesi\u00f3n solemne se realiz\u00f3 en su cuartel, ubicado en avenida Francisco Salazar, encabezada por el Superintendente de la instituci\u00f3n, Leonel Nualart, quien entreg\u00f3 su saludo a esta unidad bomberil y record\u00f3 su paso, que dur\u00f3 varias d\u00e9cadas, integrando sus filas.<\/p>\n<p>Los bomberos Jeny Oyarzo y Eduardo Pincheira, recibieron reconocimientos por cumplir una d\u00e9cada en la Cuarta Compa\u00f1\u00eda, mientras que el voluntario Wilson Melill\u00e1n fue distinguido por cumplir dos d\u00e9cadas como cuartino.<\/p>\n<p>El cuartelero, Omar Pinto, recibi\u00f3 un homenaje especial durante esta ceremonia, por cumplir 20 a\u00f1os trabajando con este grupo de voluntarios, siendo el responsable de conducir sus m\u00e1quinas y movilizar al personal durante las emergencias y servicios que se realizan.<\/p>\n<p>El director (s) de la Cuarta Compa\u00f1\u00eda, Diego L\u00f3pez, anunci\u00f3 que en el presente a\u00f1o se adopt\u00f3 un nuevo uniforme, el n\u00famero tres, destinado a las actividades formales en que se requiera la presencia de los integrantes de la Cuarta Compa\u00f1\u00eda, adem\u00e1s de destacar que en este periodo se efectu\u00f3 un recambio de luminarias, tanto en el interior como en el exterior del cuartel, pasando de las tradicionales a la tecnolog\u00eda led, con la finalidad de disminuir el consumo energ\u00e9tico del recinto.<\/p>\n<p>El hito m\u00e1s importante del \u00faltimo a\u00f1o, fue la llegada de una nueva camioneta con tracci\u00f3n en las cuatro ruedas, para uso del Grupo de Rescate Subacu\u00e1tico, especialidad que se radica en esta compa\u00f1\u00eda.<\/p>\n<p>Al finalizar la ceremonia, el alcalde de Temuco, Miguel Becker, entreg\u00f3 un recuerdo al director (s) de la Cuarta Compa\u00f1\u00eda, como reconocimiento, dijo, por la labor que realizan diariamente en beneficio de la comunidad.<\/p>\n<p>Con esta sesi\u00f3n solemne se puso fin a las actividades p\u00fablicas de este aniversario, que comenzaron una semana antes, con la tercera versi\u00f3n de la Corrida \u201cMiguel Recabarren\u201d, la que reuni\u00f3 a m\u00e1s de 200 deportistas, tanto ni\u00f1os como adultos, e incluso participantes de la tercera edad.<\/p>\n","protected":false},"excerpt":{"rendered":"<p>Con entrega de medallas a quienes cumplieron 10 y 20 a\u00f1os de servicio, la Cuarta Compa\u00f1\u00eda \u201cBomba Espa\u00f1a\u201d del Cuerpo de Bomberos de Temuco celebr\u00f3 su aniversario n\u00famero 111. La tradicional sesi\u00f3n solemne se realiz\u00f3 en su cuartel, ubicado en avenida Francisco Salazar, encabezada por el Superintendente de la instituci\u00f3n, Leonel Nualart, quien entreg\u00f3 su saludo a esta unidad bomberil y record\u00f3 su paso, que dur\u00f3 varias d\u00e9cadas, integrando sus filas. Los bomberos Jeny Oyarzo y Eduardo Pincheira, recibieron reconocimientos por cumplir una d\u00e9cada en la Cuarta Compa\u00f1\u00eda, mientras que el voluntario Wilson Melill\u00e1n fue distinguido por cumplir dos d\u00e9cadas como [&hellip;]<\/p>\n","protected":false},"author":2,"featured_media":7789,"comment_status":"closed","ping_status":"open","sticky":false,"template":"","format":"standard","meta":{"_crdt_document":"","_monsterinsights_skip_tracking":false,"_monsterinsights_sitenote_active":false,"_monsterinsights_sitenote_note":"","_monsterinsights_sitenote_category":0,"_jetpack_memberships_contains_paid_content":false,"footnotes":""},"categories":[7,2],"tags":[],"class_list":["post-7788","post","type-post","status-publish","format-standard","has-post-thumbnail","hentry","category-nacional","category-regionales"],"jetpack_featured_media_url":"https:\/\/radiotemuco.com\/home\/wp-content\/uploads\/2019\/10\/IMG_8004.jpg","jetpack_sharing_enabled":true,"_links":{"self":[{"href":"https:\/\/radiotemuco.com\/home\/wp-json\/wp\/v2\/posts\/7788","targetHints":{"allow":["GET"]}}],"collection":[{"href":"https:\/\/radiotemuco.com\/home\/wp-json\/wp\/v2\/posts"}],"about":[{"href":"https:\/\/radiotemuco.com\/home\/wp-json\/wp\/v2\/types\/post"}],"author":[{"embeddable":true,"href":"https:\/\/radiotemuco.com\/home\/wp-json\/wp\/v2\/users\/2"}],"replies":[{"embeddable":true,"href":"https:\/\/radiotemuco.com\/home\/wp-json\/wp\/v2\/comments?post=7788"}],"version-history":[{"count":1,"href":"https:\/\/radiotemuco.com\/home\/wp-json\/wp\/v2\/posts\/7788\/revisions"}],"predecessor-version":[{"id":7790,"href":"https:\/\/radiotemuco.com\/home\/wp-json\/wp\/v2\/posts\/7788\/revisions\/7790"}],"wp:featuredmedia":[{"embeddable":true,"href":"https:\/\/radiotemuco.com\/home\/wp-json\/wp\/v2\/media\/7789"}],"wp:attachment":[{"href":"https:\/\/radiotemuco.com\/home\/wp-json\/wp\/v2\/media?parent=7788"}],"wp:term":[{"taxonomy":"category","embeddable":true,"href":"https:\/\/radiotemuco.com\/home\/wp-json\/wp\/v2\/categories?post=7788"},{"taxonomy":"post_tag","embeddable":true,"href":"https:\/\/radiotemuco.com\/home\/wp-json\/wp\/v2\/tags?post=7788"}],"curies":[{"name":"wp","href":"https:\/\/api.w.org\/{rel}","templated":true}]}}