{"id":7661,"date":"2019-10-06T17:43:25","date_gmt":"2019-10-06T17:43:25","guid":{"rendered":"http:\/\/radiotemuco.com\/home\/?p=7661"},"modified":"2019-10-06T17:43:25","modified_gmt":"2019-10-06T17:43:25","slug":"programa-chile-indigena-de-conadi-capacita-en-la-aplicacion-de-primera-linea-base","status":"publish","type":"post","link":"https:\/\/radiotemuco.com\/home\/programa-chile-indigena-de-conadi-capacita-en-la-aplicacion-de-primera-linea-base\/","title":{"rendered":"Programa Chile Ind\u00edgena de CONADI capacita en la aplicaci\u00f3n de primera l\u00ednea base"},"content":{"rendered":"<p>Cerca de un centenar de profesionales y ejecutivos territoriales, responsables de acompa\u00f1ar y proyectar con comunidades ind\u00edgenas planes de desarrollo territorial en La Araucan\u00eda en el marco de la fase II del Programa Chile Ind\u00edgena de CONADI, se capacitaron en la realizaci\u00f3n de la primera l\u00ednea base que el Programa aplicar\u00e1 a organizaciones ind\u00edgenas de esta regi\u00f3n y en otra zonas del territorio nacional. <\/p>\n<p>Esta capacitaci\u00f3n se realiz\u00f3 en dependencias del Campus Norte de la Universidad Cat\u00f3lica de Temuco. All\u00ed estos profesionales recibieron directrices y analizaron la encuesta que ser\u00e1 aplicada a m\u00e1s de 1.300 comunidades ind\u00edgenas rurales que trabajar\u00e1n con el Programa en esta regi\u00f3n, lo que se replicar\u00e1 con organizaciones ind\u00edgenas mapuches, quechuas y aymaras en las regiones de Arica y Parinacota, Tarapac\u00e1, Antofagasta, Biob\u00edo, Los R\u00edos, Los Lagos y Regi\u00f3n Metropolitana.<\/p>\n<p> El Encargado Nacional del Programa Chile Ind\u00edgena de CONADI,  Juan Ca\u00f1up\u00e1n Carilao, afirm\u00f3 que esta primera capacitaci\u00f3n es un hito trascendente en el desarrollo de la Fase II del Programa, \u201cya que esta l\u00ednea base permite generar y afianzar desde la instituci\u00f3n los conceptos de desarrollo con identidad y el de capacidades de gesti\u00f3n territorial, lo que nos permitir\u00e1 medir los resultados en distintos tiempos del Programa esperando que sean positivos para las familias ind\u00edgenas, con el \u00faltimo fin de aportar a la calidad de vida de ellas y sus comunidades\u201d, precis\u00f3.<\/p>\n<p>El levantamiento de esta l\u00ednea base a trav\u00e9s de encuestas, seg\u00fan se inform\u00f3, ir\u00e1 a la par con la instalaci\u00f3n y el trabajo de planificaci\u00f3n y ejecuci\u00f3n del Programa en los pr\u00f3ximos meses; y conformar\u00e1 una radiograf\u00eda de la situaci\u00f3n de las organizaciones beneficiadas en esta Fase II  definiendo indicadores que har\u00e1n posible la medici\u00f3n de una metodolog\u00eda asociativa y territorial que es nueva e innovadora en el trabajo con los Pueblos Ind\u00edgenas.<br \/>\n\u201cAl respecto, esperamos que una medici\u00f3n a trav\u00e9s de indicadores, nos entregue los insumos positivos que nos permita acceder al sue\u00f1o de este Programa de convertirse en una oferta p\u00fablica permanente de CONADI para los pueblos ind\u00edgenas del pa\u00eds\u201d, a\u00f1adi\u00f3 Ca\u00f1up\u00e1n.<\/p>\n<p>Relevante en este proceso es el aporte de la Universidad Cat\u00f3lica de Temuco, entidad que estar\u00e1 a cargo de medir y analizar los resultados de las encuestas que ser\u00e1n aplicadas en terreno. Claudio Escobedo, jefe de proyectos de la UCT, afirm\u00f3 que \u201cla aplicaci\u00f3n de esta l\u00ednea base es un desaf\u00edo para la instituci\u00f3n por cuanto sus resultados determinar\u00e1n indicadores y acciones que afectar\u00e1n el desarrollo de una pol\u00edtica p\u00fablica relevante como lo es el Programa Chile Ind\u00edgena, la cual trabaja directamente con organizaciones ind\u00edgenas de esta regi\u00f3n y el pa\u00eds\u201d, concluy\u00f3.<\/p>\n","protected":false},"excerpt":{"rendered":"<p>Cerca de un centenar de profesionales y ejecutivos territoriales, responsables de acompa\u00f1ar y proyectar con comunidades ind\u00edgenas planes de desarrollo territorial en La Araucan\u00eda en el marco de la fase II del Programa Chile Ind\u00edgena de CONADI, se capacitaron en la realizaci\u00f3n de la primera l\u00ednea base que el Programa aplicar\u00e1 a organizaciones ind\u00edgenas de esta regi\u00f3n y en otra zonas del territorio nacional. Esta capacitaci\u00f3n se realiz\u00f3 en dependencias del Campus Norte de la Universidad Cat\u00f3lica de Temuco. All\u00ed estos profesionales recibieron directrices y analizaron la encuesta que ser\u00e1 aplicada a m\u00e1s de 1.300 comunidades ind\u00edgenas rurales que trabajar\u00e1n con [&hellip;]<\/p>\n","protected":false},"author":2,"featured_media":7662,"comment_status":"closed","ping_status":"open","sticky":false,"template":"","format":"standard","meta":{"_crdt_document":"","_monsterinsights_skip_tracking":false,"_monsterinsights_sitenote_active":false,"_monsterinsights_sitenote_note":"","_monsterinsights_sitenote_category":0,"_jetpack_memberships_contains_paid_content":false,"footnotes":""},"categories":[7,2],"tags":[],"class_list":["post-7661","post","type-post","status-publish","format-standard","has-post-thumbnail","hentry","category-nacional","category-regionales"],"jetpack_featured_media_url":"https:\/\/radiotemuco.com\/home\/wp-content\/uploads\/2019\/10\/uc.jpg","jetpack_sharing_enabled":true,"_links":{"self":[{"href":"https:\/\/radiotemuco.com\/home\/wp-json\/wp\/v2\/posts\/7661","targetHints":{"allow":["GET"]}}],"collection":[{"href":"https:\/\/radiotemuco.com\/home\/wp-json\/wp\/v2\/posts"}],"about":[{"href":"https:\/\/radiotemuco.com\/home\/wp-json\/wp\/v2\/types\/post"}],"author":[{"embeddable":true,"href":"https:\/\/radiotemuco.com\/home\/wp-json\/wp\/v2\/users\/2"}],"replies":[{"embeddable":true,"href":"https:\/\/radiotemuco.com\/home\/wp-json\/wp\/v2\/comments?post=7661"}],"version-history":[{"count":2,"href":"https:\/\/radiotemuco.com\/home\/wp-json\/wp\/v2\/posts\/7661\/revisions"}],"predecessor-version":[{"id":7665,"href":"https:\/\/radiotemuco.com\/home\/wp-json\/wp\/v2\/posts\/7661\/revisions\/7665"}],"wp:featuredmedia":[{"embeddable":true,"href":"https:\/\/radiotemuco.com\/home\/wp-json\/wp\/v2\/media\/7662"}],"wp:attachment":[{"href":"https:\/\/radiotemuco.com\/home\/wp-json\/wp\/v2\/media?parent=7661"}],"wp:term":[{"taxonomy":"category","embeddable":true,"href":"https:\/\/radiotemuco.com\/home\/wp-json\/wp\/v2\/categories?post=7661"},{"taxonomy":"post_tag","embeddable":true,"href":"https:\/\/radiotemuco.com\/home\/wp-json\/wp\/v2\/tags?post=7661"}],"curies":[{"name":"wp","href":"https:\/\/api.w.org\/{rel}","templated":true}]}}