{"id":7659,"date":"2019-10-06T17:32:40","date_gmt":"2019-10-06T17:32:40","guid":{"rendered":"http:\/\/radiotemuco.com\/home\/?p=7659"},"modified":"2019-10-06T17:32:40","modified_gmt":"2019-10-06T17:32:40","slug":"seremi-de-las-culturas-y-universidad-de-la-frontera-invitan-a-seminario-de-mediacion-lectora-en-temuco","status":"publish","type":"post","link":"https:\/\/radiotemuco.com\/home\/seremi-de-las-culturas-y-universidad-de-la-frontera-invitan-a-seminario-de-mediacion-lectora-en-temuco\/","title":{"rendered":"Seremi de las Culturas y Universidad de La Frontera invitan a Seminario de Mediaci\u00f3n Lectora en Temuco"},"content":{"rendered":"<p>El I Seminario de Mediaci\u00f3n Lectora de la Araucan\u00eda &#8220;herramientas y experiencias para el territorio&#8221; se realizar\u00e1 el pr\u00f3ximo 17 y 18 de octubre, en la Universidad de La Frontera, Temuco.<\/p>\n<p>Los interesados en participar deber\u00e1n  completar y postular a trav\u00e9s del siguiente link de inscripci\u00f3n<https:\/\/docs.google.com\/forms\/d\/1KaxUPGIc2oJWhTm1nIS_REoXaiuEd4sSQ9pvCaNez9Y\/edit>:  https:\/\/forms.gle\/Sdu74zniuxh3J3VD9<\/p>\n<p>Enmarcada en el Plan Regional de la Lectura, la iniciativa &#8220;I Seminario Mediaci\u00f3n Lectora en la Araucan\u00eda, Herramientas y experiencias para el territorio&#8221;,  es una de las acciones m\u00e1s relevantes de promoci\u00f3n de fomento al lector a nivel regional y est\u00e1 dirigida a docentes, bibliotecarios, encargados de centros de recursos para el aprendizaje, encargados de bibliotecas p\u00fablicas y escolares, educadoras y t\u00e9cnicas parvularios, estudiantes, escritores, mediadores, entre otros. Se llevar\u00e1 a cabo los d\u00edas jueves 17 y viernes 18 de octubre de 2019, en la Universidad de la Frontera, Auditorio Selva Saavedra, ubicado en calle Avda. Francisco Salazar 01145, Temuco.<\/p>\n<p>El seremi de las Culturas, Enzo Cortesi, recalc\u00f3 que &#8220;esta es una invitaci\u00f3n para reflexionar sobre el fomento lector, entendi\u00e9ndolo como un desaf\u00edo y tarea transversal, que debe concentrar los esfuerzos de actores p\u00fablicos, privados y la sociedad civil, para garantizar la lectura como un derecho de todos los habitantes. Es una tarea en la que como Gobierno del presidente Sebasti\u00e1n Pi\u00f1era, estamos muy comprometidos. Hay que destacar que este seminario se implementa al alero del Plan de la Lectura Regi\u00f3n de La Araucan\u00eda 2018-2023, el que es fruto de un trabajo interinstitucional de largo recorrido, realizado por el Comit\u00e9 Regional Interministerial del Plan de la Lectura en la Regi\u00f3n&#8221;.<\/p>\n<p>El Seminario contar\u00e1 con reconocidos expertos nacionales en materias vinculadas a la mediaci\u00f3n lectora, entre ellos: Juan Manuel Fierro Bustos, M\u00f3nica Munizaga Y\u00e1var, Ricardo Elgueta Riquelme, Cristian Francke Mansilla (Compa\u00f1\u00eda Cuentos Mestizos), Luis Abarz\u00faa Guzm\u00e1n, Juan Pablo Manquenahuel, Carlos Acevedo, Mar\u00eda Constanza  Err\u00e1zuriz, Marian Lutzky Ribas; Carolina Navarrete Gonz\u00e1lez y Karen Coronado.<\/p>\n<p>Objetivos<\/p>\n<p>El objetivo central es convocar, reunir y promover la interacci\u00f3n entre los diferentes actores dedicados al fomento de la lectura en su diversidad de acciones dentro de la regi\u00f3n. Con miras a fortalecer aquellos procesos que han favorecido el desarrollo de la lectura y de crear nuevas iniciativas que aborden los territorios y las comunidades en su diversidad.<\/p>\n<p>Dentro de sus principales prop\u00f3sitos est\u00e1 el generar alianzas estrat\u00e9gicas con los centros de educaci\u00f3n superior de la regi\u00f3n, en este caso con la Universidad de La Frontera y su Escuela de Pedagog\u00eda, para el desarrollo de actividades de formaci\u00f3n para mediadores de la lectura y vincular el Plan de la Lectura con las carreras de pedagog\u00eda. Como Universidad p\u00fablica y del estado es relevante y pertinente generar estos v\u00ednculos que se consoliden en mejoras continuas a la formaci\u00f3n inicial docente de los estudiantes de pregrado, entregando herramientas que les ser\u00e1n \u00fatiles para su desarrollo profesional futuro.<\/p>\n<p>La actividad se llevar\u00e1 a cabo los d\u00edas jueves 17 y viernes 18 de octubre de 2019, en la Universidad de la Frontera, Auditorio Selva Saavedra, ubicado en calle Avda. Francisco Salazar 01145, Temuco.<\/p>\n<p>\u00bfC\u00f3mo participar?<\/p>\n<p>Los interesados en participar deber\u00e1n  completar y postular a trav\u00e9s del siguiente link de inscripci\u00f3n<https:\/\/docs.google.com\/forms\/d\/1KaxUPGIc2oJWhTm1nIS_REoXaiuEd4sSQ9pvCaNez9Y\/edit>:  https:\/\/forms.gle\/Sdu74zniuxh3J3VD9<\/p>\n<p>El proceso de inscripci\u00f3n estar\u00e1 abierto hasta el martes 15 de octubre de 2019.<br \/>\nCualquier duda respecto a la postulaci\u00f3n, realizarla a plandelalectura.araucania@gmail.com<mailto:plandelalectura.araucania@gmail.com><\/p>\n<p>Programa completo e informaci\u00f3n sobre talleres y expositores: https:\/\/www.cultura.gob.cl\/wp-content\/uploads\/2019\/10\/pdf-informacion-seminario.pdf<\/p>\n","protected":false},"excerpt":{"rendered":"<p>El I Seminario de Mediaci\u00f3n Lectora de la Araucan\u00eda &#8220;herramientas y experiencias para el territorio&#8221; se realizar\u00e1 el pr\u00f3ximo 17 y 18 de octubre, en la Universidad de La Frontera, Temuco. Los interesados en participar deber\u00e1n completar y postular a trav\u00e9s del siguiente link de inscripci\u00f3n: https:\/\/forms.gle\/Sdu74zniuxh3J3VD9 Enmarcada en el Plan Regional de la Lectura, la iniciativa &#8220;I Seminario Mediaci\u00f3n Lectora en la Araucan\u00eda, Herramientas y experiencias para el territorio&#8221;, es una de las acciones m\u00e1s relevantes de promoci\u00f3n de fomento al lector a nivel regional y est\u00e1 dirigida a docentes, bibliotecarios, encargados de centros de recursos para el aprendizaje, encargados [&hellip;]<\/p>\n","protected":false},"author":2,"featured_media":7230,"comment_status":"closed","ping_status":"open","sticky":false,"template":"","format":"standard","meta":{"_crdt_document":"","_monsterinsights_skip_tracking":false,"_monsterinsights_sitenote_active":false,"_monsterinsights_sitenote_note":"","_monsterinsights_sitenote_category":0,"_jetpack_memberships_contains_paid_content":false,"footnotes":""},"categories":[7,2],"tags":[],"class_list":["post-7659","post","type-post","status-publish","format-standard","has-post-thumbnail","hentry","category-nacional","category-regionales"],"jetpack_featured_media_url":"https:\/\/radiotemuco.com\/home\/wp-content\/uploads\/2019\/08\/2-7.jpg","jetpack_sharing_enabled":true,"_links":{"self":[{"href":"https:\/\/radiotemuco.com\/home\/wp-json\/wp\/v2\/posts\/7659","targetHints":{"allow":["GET"]}}],"collection":[{"href":"https:\/\/radiotemuco.com\/home\/wp-json\/wp\/v2\/posts"}],"about":[{"href":"https:\/\/radiotemuco.com\/home\/wp-json\/wp\/v2\/types\/post"}],"author":[{"embeddable":true,"href":"https:\/\/radiotemuco.com\/home\/wp-json\/wp\/v2\/users\/2"}],"replies":[{"embeddable":true,"href":"https:\/\/radiotemuco.com\/home\/wp-json\/wp\/v2\/comments?post=7659"}],"version-history":[{"count":1,"href":"https:\/\/radiotemuco.com\/home\/wp-json\/wp\/v2\/posts\/7659\/revisions"}],"predecessor-version":[{"id":7660,"href":"https:\/\/radiotemuco.com\/home\/wp-json\/wp\/v2\/posts\/7659\/revisions\/7660"}],"wp:featuredmedia":[{"embeddable":true,"href":"https:\/\/radiotemuco.com\/home\/wp-json\/wp\/v2\/media\/7230"}],"wp:attachment":[{"href":"https:\/\/radiotemuco.com\/home\/wp-json\/wp\/v2\/media?parent=7659"}],"wp:term":[{"taxonomy":"category","embeddable":true,"href":"https:\/\/radiotemuco.com\/home\/wp-json\/wp\/v2\/categories?post=7659"},{"taxonomy":"post_tag","embeddable":true,"href":"https:\/\/radiotemuco.com\/home\/wp-json\/wp\/v2\/tags?post=7659"}],"curies":[{"name":"wp","href":"https:\/\/api.w.org\/{rel}","templated":true}]}}