{"id":7656,"date":"2019-10-06T17:28:25","date_gmt":"2019-10-06T17:28:25","guid":{"rendered":"http:\/\/radiotemuco.com\/home\/?p=7656"},"modified":"2019-10-06T17:28:25","modified_gmt":"2019-10-06T17:28:25","slug":"mujeres-de-sectores-rurales-de-la-araucania-fueron-capacitadas-en-la-prevencion-del-vih-e-infecciones-de-transmision-sexual","status":"publish","type":"post","link":"https:\/\/radiotemuco.com\/home\/mujeres-de-sectores-rurales-de-la-araucania-fueron-capacitadas-en-la-prevencion-del-vih-e-infecciones-de-transmision-sexual\/","title":{"rendered":"Mujeres de sectores rurales de La Araucan\u00eda fueron capacitadas en la prevenci\u00f3n del VIH e infecciones de transmisi\u00f3n sexual"},"content":{"rendered":"<p>Seremi de Agricultura dijo que: &#8220;Un desarrollo integral no solo tiene que ver con la productividad, sino que tambi\u00e9n, con el cuidado y la salud de las personas de los sectores rurales&#8221;.<\/p>\n<p>A trav\u00e9s de un convenio de colaboraci\u00f3n los Ministerios de Salud, de la Mujer y Equidad de G\u00e9nero, junto al de Agricultura, acordaron realizar acciones para la Prevenci\u00f3n y Control del VIH\/SIDA y las Infecciones de Transmisi\u00f3n Sexual (ITS) en un contexto de No Discriminaci\u00f3n, en el mundo rural.<\/p>\n<p>Por ello se desarroll\u00f3 en Temuco, este jueves, una jornada con mujeres rurales dirigentes, temporeras y emprendedoras, entre otras, para as\u00ed formar embajadoras de la prevenci\u00f3n del VIH\/SIDA y las ITS para educaci\u00f3n de pares mujeres de comunidades rurales de toda La Araucan\u00eda.<\/p>\n<p>En las charlas y talleres que se efectuaron, tambi\u00e9n estuvieron presentes la seremi de Salud, Katia Guzm\u00e1n, la de Mujer y Equidad de G\u00e9nero, Sara Suazo y el de Agricultura, Ricardo Senn.<\/p>\n<p>Esta \u00faltima autoridad explic\u00f3 que &#8220;agradecemos que la seremi de Salud y de la Mujer nos hayan invitado a hacer esta convocatoria a la Mesa de la Mujer Rural, para ser parte de la prevenci\u00f3n del VIH, es un tema que se debe conversar y que est\u00e1 presente en la sociedad, no solo en los sectores de riesgo, por eso es que estuvimos inmediatamente dispuestos a conversar con ellas para poder decirles que aqu\u00ed estamos para poder entregarles la informaci\u00f3n y generar conciencia en este tema que es tan importante para la sociedad. Hoy en d\u00eda tenemos que cuidarnos hay distintos caminos y es un tema que debemos abordar abiertamente, sin verg\u00fcenza, entendiendo que el mundo distinto que ha ido evolucionando, y el VIH no es ajeno al mundo rural&#8221;, dijo el seremi Senn.<\/p>\n<p>Sobre el tema que se abord\u00f3 en la ocasi\u00f3n, el seremi de Agricultura, Ricardo Senn, dijo que &#8220;nosotros como Ministerio de Agricultura tenemos que comprender que tenemos que aliarnos con estos dos ministerios como el de Salud y de la Mujer para generar un desarrollo integral que no solo tiene que ver con la productividad, sino que tambi\u00e9n, con el cuidado y la salud de las personas de los sectores rurales deben tener en su d\u00eda a d\u00eda&#8221;.<\/p>\n<p>El encargado de la cartera de Agricultura regional agreg\u00f3 que &#8220;por eso estamos orgullosos de ser parte de esta tem\u00e1tica, que si bien es cierto es de otro sector en t\u00e9rminos de ministerio, pero que si podemos contribuir en prevenir y generar conciencia lo vamos a hacer. El Presidente Sebasti\u00e1n Pi\u00f1era nos ha pedido que nos involucremos integralmente y eso es lo que estamos haciendo. Y adem\u00e1s felicitar la iniciativa d estos dos ministerios, ya que en conjunto podemos hacer las cosas mucho mejor&#8221;.<\/p>\n<p>Cabe se\u00f1alar que el objetivo de estas jornadas es empoderar a las mujeres rurales en autocuidado de su salud sexual, para que comprendan c\u00f3mo prevenir enfermedades como el VIH\/SIDA y las enfermedades de transmisi\u00f3n sexual, acciones de autocuidado como el correcto uso del preservativo, medidas de pesquisa oportuna de la enfermedad como es el test r\u00e1pido de VIH\/SIDA, as\u00ed como conocer la oferta p\u00fablica para realizarse el tratamiento, a trav\u00e9s de los Servicios de Salud P\u00fablica a lo largo del pa\u00eds.<\/p>\n<p>Adem\u00e1s, se efectu\u00f3 un m\u00f3dulo sobre &#8220;Violencia de G\u00e9nero&#8221; a cargo del Ministerio de la Mujer y Equidad de G\u00e9nero, para que las mujeres rurales puedan comprender que la violencia de g\u00e9nero es un problema social que no debe ser naturalizado. Por ello se busca que puedan identificar los tipos de violencia y c\u00f3mo denunciar y pedir ayuda, en caso de vivir o saber de alguien que est\u00e1 sufriendo esa experiencia.<\/p>\n","protected":false},"excerpt":{"rendered":"<p>Seremi de Agricultura dijo que: &#8220;Un desarrollo integral no solo tiene que ver con la productividad, sino que tambi\u00e9n, con el cuidado y la salud de las personas de los sectores rurales&#8221;. A trav\u00e9s de un convenio de colaboraci\u00f3n los Ministerios de Salud, de la Mujer y Equidad de G\u00e9nero, junto al de Agricultura, acordaron realizar acciones para la Prevenci\u00f3n y Control del VIH\/SIDA y las Infecciones de Transmisi\u00f3n Sexual (ITS) en un contexto de No Discriminaci\u00f3n, en el mundo rural. Por ello se desarroll\u00f3 en Temuco, este jueves, una jornada con mujeres rurales dirigentes, temporeras y emprendedoras, entre otras, para [&hellip;]<\/p>\n","protected":false},"author":2,"featured_media":7657,"comment_status":"closed","ping_status":"open","sticky":false,"template":"","format":"standard","meta":{"_crdt_document":"","_monsterinsights_skip_tracking":false,"_monsterinsights_sitenote_active":false,"_monsterinsights_sitenote_note":"","_monsterinsights_sitenote_category":0,"_jetpack_memberships_contains_paid_content":false,"footnotes":""},"categories":[7,2],"tags":[],"class_list":["post-7656","post","type-post","status-publish","format-standard","has-post-thumbnail","hentry","category-nacional","category-regionales"],"jetpack_featured_media_url":"https:\/\/radiotemuco.com\/home\/wp-content\/uploads\/2019\/10\/Prevenci\u00f3n.jpg","jetpack_sharing_enabled":true,"_links":{"self":[{"href":"https:\/\/radiotemuco.com\/home\/wp-json\/wp\/v2\/posts\/7656","targetHints":{"allow":["GET"]}}],"collection":[{"href":"https:\/\/radiotemuco.com\/home\/wp-json\/wp\/v2\/posts"}],"about":[{"href":"https:\/\/radiotemuco.com\/home\/wp-json\/wp\/v2\/types\/post"}],"author":[{"embeddable":true,"href":"https:\/\/radiotemuco.com\/home\/wp-json\/wp\/v2\/users\/2"}],"replies":[{"embeddable":true,"href":"https:\/\/radiotemuco.com\/home\/wp-json\/wp\/v2\/comments?post=7656"}],"version-history":[{"count":1,"href":"https:\/\/radiotemuco.com\/home\/wp-json\/wp\/v2\/posts\/7656\/revisions"}],"predecessor-version":[{"id":7658,"href":"https:\/\/radiotemuco.com\/home\/wp-json\/wp\/v2\/posts\/7656\/revisions\/7658"}],"wp:featuredmedia":[{"embeddable":true,"href":"https:\/\/radiotemuco.com\/home\/wp-json\/wp\/v2\/media\/7657"}],"wp:attachment":[{"href":"https:\/\/radiotemuco.com\/home\/wp-json\/wp\/v2\/media?parent=7656"}],"wp:term":[{"taxonomy":"category","embeddable":true,"href":"https:\/\/radiotemuco.com\/home\/wp-json\/wp\/v2\/categories?post=7656"},{"taxonomy":"post_tag","embeddable":true,"href":"https:\/\/radiotemuco.com\/home\/wp-json\/wp\/v2\/tags?post=7656"}],"curies":[{"name":"wp","href":"https:\/\/api.w.org\/{rel}","templated":true}]}}