{"id":7619,"date":"2019-09-30T18:14:39","date_gmt":"2019-09-30T18:14:39","guid":{"rendered":"http:\/\/radiotemuco.com\/home\/?p=7619"},"modified":"2019-09-30T18:14:39","modified_gmt":"2019-09-30T18:14:39","slug":"mop-finaliza-en-el-verano-2020-obras-de-pavimentacion-del-camino-nancul-huiscapi-que-unira-loncoche-con-villarrica","status":"publish","type":"post","link":"https:\/\/radiotemuco.com\/home\/mop-finaliza-en-el-verano-2020-obras-de-pavimentacion-del-camino-nancul-huiscapi-que-unira-loncoche-con-villarrica\/","title":{"rendered":"MOP finaliza en el verano 2020 obras de pavimentaci\u00f3n del camino \u00d1ancul \u2013 Huiscapi que unir\u00e1 Loncoche  con Villarrica"},"content":{"rendered":"<p>La iniciativa permitir\u00e1 mejorar la conectividad y el desarrollo de emprendimientos locales entre Villarrica y Loncoche<\/p>\n<p>Un 40 % de avance presentan los trabajos para la pavimentaci\u00f3n de 9,2 kil\u00f3metros del camino \u00d1ancul-Huiscapi, que unir\u00e1 las comunas de Loncoche y Villarrica. As\u00ed lo inform\u00f3  el Seremi de Obras P\u00fablicas, Henry Leal, qui\u00e9n detall\u00f3 que este contrato forma parte de las iniciativas comprometidas por el Presidente Pi\u00f1era a trav\u00e9s del Plan Impulso Araucan\u00eda con la finalidad de contar con una mejor conectividad.<\/p>\n<p>El contrato financiado por la Direcci\u00f3n de Vialidad del MOP, consiste en el cambio de est\u00e1ndar de este camino el cual pasar\u00e1 de ripio a una carpeta en soluci\u00f3n asf\u00e1ltica, lo cual permitir\u00e1 mejorar las condiciones de la ruta, favoreciendo  una adecuada transitabilidad potenciando los emprendimientos locales asociados a este camino.<\/p>\n<p>El Director Regional de Vialidad, Rodrigo Toledo, explic\u00f3 que, \u201clos trabajos consisten en la construcci\u00f3n de un pavimento tipo doble tratamiento superficial, con caracter\u00edsticas y dimensiones definidas. Incluyen obras de saneamiento y drenaje superficial de la plataforma adem\u00e1s de la  limpieza de faja, obras de seguridad vial tales como demarcaci\u00f3n de pavimento y se\u00f1alizaci\u00f3n vertical lateral\u201d.<\/p>\n<p>La iniciativa tiene una inversi\u00f3n de $ 1.199.642.776, recursos que son aportados a trav\u00e9s de fondos sectoriales y del Plan Impulso Araucan\u00eda. Se estima que los trabajos de pavimentaci\u00f3n est\u00e9n finalizados durante el verano del a\u00f1o 2020.<\/p>\n<p>El Seremi Henry Leal coment\u00f3 que, \u201ccon estas obras respondemos a un antiguo anhelo de los habitantes tanto de \u00d1ancul como Huiscapi, quienes por a\u00f1os han estado solicitando el mejoramiento de este camino.  Por tanto, estamos conformes con este adelanto y esperamos seguir avanzando de manera importante para mejorar la conectividad de los habitantes de la Araucan\u00eda\u201d.<\/p>\n<p>\u201cCon estas obras &#8211; dijo Henry Leal &#8211; vamos cumpliendo con las metas del Plan Impulso Araucan\u00eda en materia de conectividad vial y as\u00ed responder al mandato del Presidente Sebasti\u00e1n Pi\u00f1era en ampliar y mejorar nuestra red vial\u201d, dijo la autoridad.<\/p>\n<p>Por su parte, el intendente de La Araucan\u00eda, Jorge Atton, se\u00f1al\u00f3 que \u201ccuando el Presidente Pi\u00f1era anunci\u00f3 el Plan Impulso y se comprometi\u00f3 con la regi\u00f3n con distintas iniciativas, destac\u00f3 el mejoramiento significativo de caminos b\u00e1sicos y rurales de La Araucan\u00eda, lo cual hemos visto c\u00f3mo ha ido avanzando y, lo m\u00e1s importante, c\u00f3mo ha mejorado la calidad de vida de las personas que viven en sectores rurales, mejorando la conectividad en la zona\u201d.<\/p>\n","protected":false},"excerpt":{"rendered":"<p>La iniciativa permitir\u00e1 mejorar la conectividad y el desarrollo de emprendimientos locales entre Villarrica y Loncoche Un 40 % de avance presentan los trabajos para la pavimentaci\u00f3n de 9,2 kil\u00f3metros del camino \u00d1ancul-Huiscapi, que unir\u00e1 las comunas de Loncoche y Villarrica. As\u00ed lo inform\u00f3 el Seremi de Obras P\u00fablicas, Henry Leal, qui\u00e9n detall\u00f3 que este contrato forma parte de las iniciativas comprometidas por el Presidente Pi\u00f1era a trav\u00e9s del Plan Impulso Araucan\u00eda con la finalidad de contar con una mejor conectividad. El contrato financiado por la Direcci\u00f3n de Vialidad del MOP, consiste en el cambio de est\u00e1ndar de este camino el [&hellip;]<\/p>\n","protected":false},"author":2,"featured_media":7620,"comment_status":"closed","ping_status":"open","sticky":false,"template":"","format":"standard","meta":{"_crdt_document":"","_monsterinsights_skip_tracking":false,"_monsterinsights_sitenote_active":false,"_monsterinsights_sitenote_note":"","_monsterinsights_sitenote_category":0,"_jetpack_memberships_contains_paid_content":false,"footnotes":""},"categories":[7,2],"tags":[],"class_list":["post-7619","post","type-post","status-publish","format-standard","has-post-thumbnail","hentry","category-nacional","category-regionales"],"jetpack_featured_media_url":"https:\/\/radiotemuco.com\/home\/wp-content\/uploads\/2019\/09\/2-16.jpg","jetpack_sharing_enabled":true,"_links":{"self":[{"href":"https:\/\/radiotemuco.com\/home\/wp-json\/wp\/v2\/posts\/7619","targetHints":{"allow":["GET"]}}],"collection":[{"href":"https:\/\/radiotemuco.com\/home\/wp-json\/wp\/v2\/posts"}],"about":[{"href":"https:\/\/radiotemuco.com\/home\/wp-json\/wp\/v2\/types\/post"}],"author":[{"embeddable":true,"href":"https:\/\/radiotemuco.com\/home\/wp-json\/wp\/v2\/users\/2"}],"replies":[{"embeddable":true,"href":"https:\/\/radiotemuco.com\/home\/wp-json\/wp\/v2\/comments?post=7619"}],"version-history":[{"count":1,"href":"https:\/\/radiotemuco.com\/home\/wp-json\/wp\/v2\/posts\/7619\/revisions"}],"predecessor-version":[{"id":7621,"href":"https:\/\/radiotemuco.com\/home\/wp-json\/wp\/v2\/posts\/7619\/revisions\/7621"}],"wp:featuredmedia":[{"embeddable":true,"href":"https:\/\/radiotemuco.com\/home\/wp-json\/wp\/v2\/media\/7620"}],"wp:attachment":[{"href":"https:\/\/radiotemuco.com\/home\/wp-json\/wp\/v2\/media?parent=7619"}],"wp:term":[{"taxonomy":"category","embeddable":true,"href":"https:\/\/radiotemuco.com\/home\/wp-json\/wp\/v2\/categories?post=7619"},{"taxonomy":"post_tag","embeddable":true,"href":"https:\/\/radiotemuco.com\/home\/wp-json\/wp\/v2\/tags?post=7619"}],"curies":[{"name":"wp","href":"https:\/\/api.w.org\/{rel}","templated":true}]}}