{"id":7541,"date":"2019-09-25T11:07:46","date_gmt":"2019-09-25T11:07:46","guid":{"rendered":"http:\/\/radiotemuco.com\/home\/?p=7541"},"modified":"2019-09-25T11:07:46","modified_gmt":"2019-09-25T11:07:46","slug":"mop-a-fines-del-primer-trimestre-del-ano-2020-finalizaran-obras-de-escuela-collin-alto-en-vilcun","status":"publish","type":"post","link":"https:\/\/radiotemuco.com\/home\/mop-a-fines-del-primer-trimestre-del-ano-2020-finalizaran-obras-de-escuela-collin-alto-en-vilcun\/","title":{"rendered":"MOP: A fines del primer trimestre del a\u00f1o 2020 finalizaran obras de Escuela Collin Alto en Vilc\u00fan"},"content":{"rendered":"<p>La nueva escuela tendr\u00e1 una superficie de 2.633 metros cuadrados y una inversi\u00f3n de 3.679 millones financiados por el GORE.<\/p>\n<p>Un avance superior al 30% presentan los trabajos de reposici\u00f3n de la Escuela Collin Alto, ubicada en el sector rural de comuna de Vilc\u00fan. As\u00ed fue dado a conocer por el Seremi de Obras P\u00fablicas, Henry Leal, quien detall\u00f3 que esta inversi\u00f3n favorecer\u00e1 el desarrollo de las actividades educativas de m\u00e1s de 100 alumnos del sector rural de la comuna.<\/p>\n<p>El inmueble que ya  ha tomado forma,  se levanta en una superficie de 2.633 metros cuadrados, su  objetivo es atender a alumnos que cursan  educaci\u00f3n pre-b\u00e1sica y b\u00e1sica de 1\u00b0 a 6\u00b0 a\u00f1o en mejores condiciones, que se traduce en salas m\u00e1s confortables, con m\u00e1s espacios para el desarrollo integral de los alumnos, etc.<\/p>\n<p>El Director Regional de Arquitectura, Marco Silva D\u00edaz, detall\u00f3 que, &#8220;de acuerdo al programa arquitect\u00f3nico, este futuro establecimiento educacional incluir\u00e1 salas de clases, \u00e1reas de pre-b\u00e1sica, sector de administraci\u00f3n, servicios higi\u00e9nicos y zonas de servicios, construcci\u00f3n de patio cubierto, multicancha, patio cubierto para alumnos de pre-b\u00e1sica, patios exteriores, entre otras obras de importancia.<\/p>\n<p>El profesional dijo adem\u00e1s que, &#8220;como en todos los edificios que construye la Direcci\u00f3n de Arquitectura, se incorpora el concepto de eficiencia energ\u00e9tica, lo que significa contar  un recinto m\u00e1s econ\u00f3mico desde el punto de vista del consumo de energ\u00eda, y contar con una edificaci\u00f3n m\u00e1s confortable tanto en invierno como en verano&#8221;, explic\u00f3.<\/p>\n<p>Las obras de reposici\u00f3n de la escuela Collin Alto tendr\u00e1 una inversi\u00f3n de 3.679 millones de pesos, recursos que son aportados por el Gobierno Regional de La Araucan\u00eda. La Direcci\u00f3n de Arquitectura, es la Unidad T\u00e9cnica del contrato, y su plazo de ejecuci\u00f3n corresponde a 420 d\u00edas.<\/p>\n<p>El Seremi Henry Leal, coment\u00f3 que, &#8220;estamos frente a una obra que reunir\u00e1 todas las condiciones t\u00e9cnicas, confort, eficiencia energ\u00e9tica y pertinencia cultural,  para que los ni\u00f1os que aqu\u00ed se eduquen lo puedan hacer en instalaciones dignas, lo mismo para sus profesores y la comunidad en general&#8221;.<\/p>\n<p>&#8220;Obras como estas nos llenan de orgullo, ya que van en la l\u00ednea de lo mandatado por el Presidente Sebasti\u00e1n Pi\u00f1era y el Plan Impulso Araucan\u00eda,  en el sentido de entregar una mejor infraestructura para una mejor calidad en la educaci\u00f3n de todos los chilenos y de manera especial en el mundo rural&#8221;, dijo la autoridad del MOP en la Regi\u00f3n.<\/p>\n<p>Es importante destacar que la nueva escuela Coll\u00edn Alto de Vilc\u00fan,  favorecer\u00e1 de manera indirecta a una poblaci\u00f3n aproximada de 2.014 habitantes del sector y tambi\u00e9n est\u00e1 generando una fuente laboral para 62 personas.<\/p>\n","protected":false},"excerpt":{"rendered":"<p>La nueva escuela tendr\u00e1 una superficie de 2.633 metros cuadrados y una inversi\u00f3n de 3.679 millones financiados por el GORE. Un avance superior al 30% presentan los trabajos de reposici\u00f3n de la Escuela Collin Alto, ubicada en el sector rural de comuna de Vilc\u00fan. As\u00ed fue dado a conocer por el Seremi de Obras P\u00fablicas, Henry Leal, quien detall\u00f3 que esta inversi\u00f3n favorecer\u00e1 el desarrollo de las actividades educativas de m\u00e1s de 100 alumnos del sector rural de la comuna. El inmueble que ya ha tomado forma, se levanta en una superficie de 2.633 metros cuadrados, su objetivo es atender a [&hellip;]<\/p>\n","protected":false},"author":2,"featured_media":7542,"comment_status":"closed","ping_status":"open","sticky":false,"template":"","format":"standard","meta":{"_crdt_document":"","_monsterinsights_skip_tracking":false,"_monsterinsights_sitenote_active":false,"_monsterinsights_sitenote_note":"","_monsterinsights_sitenote_category":0,"_jetpack_memberships_contains_paid_content":false,"footnotes":""},"categories":[7,2],"tags":[],"class_list":["post-7541","post","type-post","status-publish","format-standard","has-post-thumbnail","hentry","category-nacional","category-regionales"],"jetpack_featured_media_url":"https:\/\/radiotemuco.com\/home\/wp-content\/uploads\/2019\/09\/1-13.jpg","jetpack_sharing_enabled":true,"_links":{"self":[{"href":"https:\/\/radiotemuco.com\/home\/wp-json\/wp\/v2\/posts\/7541","targetHints":{"allow":["GET"]}}],"collection":[{"href":"https:\/\/radiotemuco.com\/home\/wp-json\/wp\/v2\/posts"}],"about":[{"href":"https:\/\/radiotemuco.com\/home\/wp-json\/wp\/v2\/types\/post"}],"author":[{"embeddable":true,"href":"https:\/\/radiotemuco.com\/home\/wp-json\/wp\/v2\/users\/2"}],"replies":[{"embeddable":true,"href":"https:\/\/radiotemuco.com\/home\/wp-json\/wp\/v2\/comments?post=7541"}],"version-history":[{"count":1,"href":"https:\/\/radiotemuco.com\/home\/wp-json\/wp\/v2\/posts\/7541\/revisions"}],"predecessor-version":[{"id":7543,"href":"https:\/\/radiotemuco.com\/home\/wp-json\/wp\/v2\/posts\/7541\/revisions\/7543"}],"wp:featuredmedia":[{"embeddable":true,"href":"https:\/\/radiotemuco.com\/home\/wp-json\/wp\/v2\/media\/7542"}],"wp:attachment":[{"href":"https:\/\/radiotemuco.com\/home\/wp-json\/wp\/v2\/media?parent=7541"}],"wp:term":[{"taxonomy":"category","embeddable":true,"href":"https:\/\/radiotemuco.com\/home\/wp-json\/wp\/v2\/categories?post=7541"},{"taxonomy":"post_tag","embeddable":true,"href":"https:\/\/radiotemuco.com\/home\/wp-json\/wp\/v2\/tags?post=7541"}],"curies":[{"name":"wp","href":"https:\/\/api.w.org\/{rel}","templated":true}]}}