{"id":4419,"date":"2018-10-22T18:22:40","date_gmt":"2018-10-22T18:22:40","guid":{"rendered":"http:\/\/radiotemuco.com\/home\/?p=4419"},"modified":"2018-10-22T18:22:40","modified_gmt":"2018-10-22T18:22:40","slug":"carabineros-logro-la-mayor-incautacion-de-drogas-sinteticas-destinadas-a-fiestas-electronicas-en-la-araucania","status":"publish","type":"post","link":"https:\/\/radiotemuco.com\/home\/carabineros-logro-la-mayor-incautacion-de-drogas-sinteticas-destinadas-a-fiestas-electronicas-en-la-araucania\/","title":{"rendered":"Carabineros logro la mayor incautaci\u00f3n de drogas sint\u00e9ticas destinadas a fiestas electr\u00f3nicas en La Araucan\u00eda"},"content":{"rendered":"<p>4 Detenidos por Tr\u00e1fico Il\u00edcito de Drogas, entre ellos un hombre y una mujer colombiana, dej\u00f3 el exitoso procedimiento policial finalizado en horas de ayer junto al Ministerio P\u00fablico.<\/p>\n<p>Tras un trabajo de aproximadamente 6 meses de investigaci\u00f3n Carabineros de la Secci\u00f3n OS-7 \u201cAraucan\u00eda\u201d en coordinaci\u00f3n con la Fiscal\u00eda Regional de Temuco, finaliz\u00f3 con \u00e9xito las diligencias investigativas que segu\u00eda los pasos a la incautaci\u00f3n m\u00e1s grande que se ha efectuado en la Capital Regional de drogas sint\u00e9ticas y de dise\u00f1o que incluye LSD,Ext\u00e1sis MDMA, Coca\u00edna, marihuana.<\/p>\n<p>De acuerdo a la informaci\u00f3n proporcionada por Carabineros la droga altamente peligrosa iba destinada mayoritariamente a personas j\u00f3venes  que participar\u00edan de una fiesta electr\u00f3nica a desarrollarse el pasado fin de semana.<\/p>\n<p>\u201cFinalizaron las diligencias efectuadas por Carabineros del OS-7 en coordinaci\u00f3n con la Fiscal\u00eda Local de Temuco con la detenci\u00f3n de 4 personas por Tr\u00e1fico Internacional de Droga, donde se logr\u00f3 un decomiso de 548 pastillas de \u00e9xtasis, 264 gramos de MDMA, marihuana y 305 gramos de clorhidrato de coca\u00edna, adem\u00e1s de LSD,  droga que ser\u00eda distribuida en Fiesta Electr\u00f3nica que  se realizar\u00eda el pasado fin de semana en la Araucan\u00eda\u201d se\u00f1al\u00f3 el Prefecto de la Prefectura Caut\u00edn, Coronel Juan Carlos Carrasco.<\/p>\n<p>El Coronel Carrasco inform\u00f3 que la investigaci\u00f3n se inici\u00f3 en la ciudad de Temuco y que continu\u00f3 con redes en la Ciudad de Santiago, lugar donde se detuvo a otras dos personas \u201ceste es un procedimiento que tiene ribetes internacionales,  con la detenci\u00f3n de dos personas en la ciudad de Temuco se logr\u00f3 establecer participaci\u00f3n de otras personas en Santiago y a ra\u00edz de esto las redes internacionales\u201d.<\/p>\n<p>El Fiscal  Jefe de la Fiscal\u00eda Local de Temuco, Alberto Chiffelle se\u00f1al\u00f3 que \u201cen el trabajo coordinado se estableci\u00f3 que iba a llegar el fin de semana droga sint\u00e9tica a una fiesta electr\u00f3nica que habr\u00eda en la ciudad, se trabaj\u00f3 con las t\u00e9cnicas propias de la Ley 20 mil principalmente Agentes encubiertos, agentes reveladores  y se logr\u00f3 incautar una importante cantidad de droga sint\u00e9tica  que iba a llegar a nuestra regi\u00f3n y la detenci\u00f3n de 4 personas que hoy est\u00e1n siendo formalizadas en el Tribunal de Garant\u00eda por el Fiscal a cargo de las audiencias\u201d.<\/p>\n<p>El  Fiscal del Ministerio P\u00fablico  manifest\u00f3 que la importancia del procedimiento es que se vea  que est\u00e1 llegando este tipo de drogas sint\u00e9ticas a la Araucan\u00eda y m\u00e1s a\u00fan \u201c antes exist\u00eda esta droga que proviene de pa\u00edses europeos, espec\u00edficamente de Holanda, con incautaciones ocasionales  y hoy ya es en mayor cantidad y adem\u00e1s se incaut\u00f3 una droga no menor sint\u00e9tica  que<br \/>\nconfeccionada en Chile en nuestro pa\u00eds, por lo que vamos a seguir trabajando con OS-7  para llegar a la hebra y  descubrir quienes son los que est\u00e1n fabricando esta droga en nuestro pa\u00eds\u201d .<\/p>\n<p>Finalmente  el Coronel de Carabineros, Juan Carlos Carrasco  inst\u00f3 a la comunidad a estar atentos y a no consumir este tipo de droga debido a las graves consecuencias que pueden generar \u201cesta droga es muy peligrosa, su consumo con agua, con alcohol y puede traer consecuencias inesperadas , el llamado es a la juventud  y a los padres a controlar y evitar el consumo de esta droga  por que las consecuencias  del consumo son insospechadas\u201d puntualiz\u00f3 el Prefecto de la Prefectura de Caut\u00edn.<\/p>\n<p>El Ministerio P\u00fablico pedir\u00eda un plazo de investigaci\u00f3n de 4 o 5 meses.<\/p>\n","protected":false},"excerpt":{"rendered":"<p>4 Detenidos por Tr\u00e1fico Il\u00edcito de Drogas, entre ellos un hombre y una mujer colombiana, dej\u00f3 el exitoso procedimiento policial finalizado en horas de ayer junto al Ministerio P\u00fablico. Tras un trabajo de aproximadamente 6 meses de investigaci\u00f3n Carabineros de la Secci\u00f3n OS-7 \u201cAraucan\u00eda\u201d en coordinaci\u00f3n con la Fiscal\u00eda Regional de Temuco, finaliz\u00f3 con \u00e9xito las diligencias investigativas que segu\u00eda los pasos a la incautaci\u00f3n m\u00e1s grande que se ha efectuado en la Capital Regional de drogas sint\u00e9ticas y de dise\u00f1o que incluye LSD,Ext\u00e1sis MDMA, Coca\u00edna, marihuana. De acuerdo a la informaci\u00f3n proporcionada por Carabineros la droga altamente peligrosa iba destinada [&hellip;]<\/p>\n","protected":false},"author":2,"featured_media":4420,"comment_status":"closed","ping_status":"open","sticky":false,"template":"","format":"standard","meta":{"_crdt_document":"","_monsterinsights_skip_tracking":false,"_monsterinsights_sitenote_active":false,"_monsterinsights_sitenote_note":"","_monsterinsights_sitenote_category":0,"_jetpack_memberships_contains_paid_content":false,"footnotes":""},"categories":[7,2],"tags":[],"class_list":["post-4419","post","type-post","status-publish","format-standard","has-post-thumbnail","hentry","category-nacional","category-regionales"],"jetpack_featured_media_url":"https:\/\/radiotemuco.com\/home\/wp-content\/uploads\/2018\/10\/1-6.jpg","jetpack_sharing_enabled":true,"_links":{"self":[{"href":"https:\/\/radiotemuco.com\/home\/wp-json\/wp\/v2\/posts\/4419","targetHints":{"allow":["GET"]}}],"collection":[{"href":"https:\/\/radiotemuco.com\/home\/wp-json\/wp\/v2\/posts"}],"about":[{"href":"https:\/\/radiotemuco.com\/home\/wp-json\/wp\/v2\/types\/post"}],"author":[{"embeddable":true,"href":"https:\/\/radiotemuco.com\/home\/wp-json\/wp\/v2\/users\/2"}],"replies":[{"embeddable":true,"href":"https:\/\/radiotemuco.com\/home\/wp-json\/wp\/v2\/comments?post=4419"}],"version-history":[{"count":1,"href":"https:\/\/radiotemuco.com\/home\/wp-json\/wp\/v2\/posts\/4419\/revisions"}],"predecessor-version":[{"id":4421,"href":"https:\/\/radiotemuco.com\/home\/wp-json\/wp\/v2\/posts\/4419\/revisions\/4421"}],"wp:featuredmedia":[{"embeddable":true,"href":"https:\/\/radiotemuco.com\/home\/wp-json\/wp\/v2\/media\/4420"}],"wp:attachment":[{"href":"https:\/\/radiotemuco.com\/home\/wp-json\/wp\/v2\/media?parent=4419"}],"wp:term":[{"taxonomy":"category","embeddable":true,"href":"https:\/\/radiotemuco.com\/home\/wp-json\/wp\/v2\/categories?post=4419"},{"taxonomy":"post_tag","embeddable":true,"href":"https:\/\/radiotemuco.com\/home\/wp-json\/wp\/v2\/tags?post=4419"}],"curies":[{"name":"wp","href":"https:\/\/api.w.org\/{rel}","templated":true}]}}