{"id":4154,"date":"2018-09-28T18:19:39","date_gmt":"2018-09-28T18:19:39","guid":{"rendered":"http:\/\/radiotemuco.com\/home\/?p=4154"},"modified":"2018-09-28T18:19:39","modified_gmt":"2018-09-28T18:19:39","slug":"este-viernes-es-el-dia-internacional-sin-automovil-iniciativa-es-impulsada-por-el-ministerio-de-transportes-y-telecomunicaciones","status":"publish","type":"post","link":"https:\/\/radiotemuco.com\/home\/este-viernes-es-el-dia-internacional-sin-automovil-iniciativa-es-impulsada-por-el-ministerio-de-transportes-y-telecomunicaciones\/","title":{"rendered":"Este viernes es el d\u00eda internacional sin autom\u00f3vil: iniciativa es impulsada por el Ministerio de Transportes y Telecomunicaciones"},"content":{"rendered":"<p>La iniciativa, es impulsada por el Ministerio de Transportes y Telecomunicaciones, y organizaciones sociales, con el objetivo de incentivar el uso del transporte p\u00fablico y de medios alternativos de desplazamiento, para as\u00ed generar conciencia sobre el ahorro de energ\u00eda, el cuidado del medio ambiente, y a su vez, fomentar una arm\u00f3nica convivencia vial entre los chilenos y chilenas.<\/p>\n<p>Para darle un respiro al planeta, y por primera vez de manera oficial, se celebrar\u00e1 en nuestro pa\u00eds, el d\u00eda nacional sin auto. Esta instancia busca que por algunas horas, en lugar de utilizar veh\u00edculos particulares, considerando su impacto ambiental, y c\u00f3mo obstaculiza la movilidad de otros usuarios de las v\u00edas, se prefiera el transporte p\u00fablico, y otras opciones, como caminata, bicicleta, etc.<\/p>\n<p>En la actualidad, la forma de desplazamiento m\u00e1s com\u00fan, es de manera individual. Sin ir m\u00e1s lejos, en La Araucan\u00eda existen 238 mil 791 veh\u00edculos en circulaci\u00f3n. Aquello, puede generar efectos no deseados sobre el total de la poblaci\u00f3n, relacionados por ejemplo, a la congesti\u00f3n, por lo que uno de los objetivos de esta iniciativa, es concientizar respecto a que muchas veces las decisiones personales, pueden generar efectos no deseados sobre la ciudadan\u00eda.<\/p>\n<p>Por ello, el Seremi de Transportes y Telecomunicaciones, Luis Calder\u00f3n, destac\u00f3 que \u201chacemos un llamado a la comunidad a que se sume\u2026 es un peque\u00f1o esfuerzo que puede traer grandes resultados. De todos depende que podamos generar un cambio de mentalidad y tambi\u00e9n en la cultura. Como Gobierno, estamos impulsando distintas iniciativas que tienen relaci\u00f3n con el mejoramiento del transporte p\u00fablico, pero a su vez, con potenciar el uso de otros medios, no motorizados, y para ello tambi\u00e9n estamos invirtiendo y apoyando proyectos de infraestructura, y distintos cambios en la normativa\u201d.<\/p>\n<p>Es importante mencionar, que dicha celebraci\u00f3n, naci\u00f3 por una inquietud de la comunidad, en la d\u00e9cada de los 80 y 90, para promover distintas pol\u00edticas relacionadas en los \u00e1mbitos del transporte, el cambio clim\u00e1tico, la eficiencia energ\u00e9tica y el desarrollo urbano sostenible, todas ideas, presentes dentro del programa de Gobierno del Presidente Sebasti\u00e1n Pi\u00f1era.<\/p>\n","protected":false},"excerpt":{"rendered":"<p>La iniciativa, es impulsada por el Ministerio de Transportes y Telecomunicaciones, y organizaciones sociales, con el objetivo de incentivar el uso del transporte p\u00fablico y de medios alternativos de desplazamiento, para as\u00ed generar conciencia sobre el ahorro de energ\u00eda, el cuidado del medio ambiente, y a su vez, fomentar una arm\u00f3nica convivencia vial entre los chilenos y chilenas. Para darle un respiro al planeta, y por primera vez de manera oficial, se celebrar\u00e1 en nuestro pa\u00eds, el d\u00eda nacional sin auto. Esta instancia busca que por algunas horas, en lugar de utilizar veh\u00edculos particulares, considerando su impacto ambiental, y c\u00f3mo obstaculiza [&hellip;]<\/p>\n","protected":false},"author":2,"featured_media":4155,"comment_status":"closed","ping_status":"open","sticky":false,"template":"","format":"standard","meta":{"_crdt_document":"","_monsterinsights_skip_tracking":false,"_monsterinsights_sitenote_active":false,"_monsterinsights_sitenote_note":"","_monsterinsights_sitenote_category":0,"_jetpack_memberships_contains_paid_content":false,"footnotes":""},"categories":[7,2],"tags":[],"class_list":["post-4154","post","type-post","status-publish","format-standard","has-post-thumbnail","hentry","category-nacional","category-regionales"],"jetpack_featured_media_url":"https:\/\/radiotemuco.com\/home\/wp-content\/uploads\/2018\/09\/1.jpeg","jetpack_sharing_enabled":true,"_links":{"self":[{"href":"https:\/\/radiotemuco.com\/home\/wp-json\/wp\/v2\/posts\/4154","targetHints":{"allow":["GET"]}}],"collection":[{"href":"https:\/\/radiotemuco.com\/home\/wp-json\/wp\/v2\/posts"}],"about":[{"href":"https:\/\/radiotemuco.com\/home\/wp-json\/wp\/v2\/types\/post"}],"author":[{"embeddable":true,"href":"https:\/\/radiotemuco.com\/home\/wp-json\/wp\/v2\/users\/2"}],"replies":[{"embeddable":true,"href":"https:\/\/radiotemuco.com\/home\/wp-json\/wp\/v2\/comments?post=4154"}],"version-history":[{"count":1,"href":"https:\/\/radiotemuco.com\/home\/wp-json\/wp\/v2\/posts\/4154\/revisions"}],"predecessor-version":[{"id":4156,"href":"https:\/\/radiotemuco.com\/home\/wp-json\/wp\/v2\/posts\/4154\/revisions\/4156"}],"wp:featuredmedia":[{"embeddable":true,"href":"https:\/\/radiotemuco.com\/home\/wp-json\/wp\/v2\/media\/4155"}],"wp:attachment":[{"href":"https:\/\/radiotemuco.com\/home\/wp-json\/wp\/v2\/media?parent=4154"}],"wp:term":[{"taxonomy":"category","embeddable":true,"href":"https:\/\/radiotemuco.com\/home\/wp-json\/wp\/v2\/categories?post=4154"},{"taxonomy":"post_tag","embeddable":true,"href":"https:\/\/radiotemuco.com\/home\/wp-json\/wp\/v2\/tags?post=4154"}],"curies":[{"name":"wp","href":"https:\/\/api.w.org\/{rel}","templated":true}]}}