{"id":4151,"date":"2018-09-27T16:38:21","date_gmt":"2018-09-27T16:38:21","guid":{"rendered":"http:\/\/radiotemuco.com\/home\/?p=4151"},"modified":"2018-09-27T16:38:21","modified_gmt":"2018-09-27T16:38:21","slug":"arbol-que-cayo-dejo-al-descubierto-osamentas-humanas-en-la-zona-lacustre-de-la-araucania","status":"publish","type":"post","link":"https:\/\/radiotemuco.com\/home\/arbol-que-cayo-dejo-al-descubierto-osamentas-humanas-en-la-zona-lacustre-de-la-araucania\/","title":{"rendered":"\u00c1rbol que cay\u00f3 dej\u00f3 al descubierto osamentas humanas en la zona lacustre de La Araucan\u00eda"},"content":{"rendered":"<p>Hasta el Servicio Medico Legal en Temuco fueron trasladados los restos \u00f3seos encontrados en la zona lacustre de La Araucan\u00eda tras la caida de un \u00e1rbol.<\/p>\n<p>As\u00ed lo inform\u00f3 la Polic\u00eda de Investigaciones (PDI), junto con detallar que lo anterior ocurri\u00f3 al interior de un predio ubicado en el sector Pedregoso, en la ruta que une Villarrica con Cunco.<\/p>\n<p>En declaraciones el comisario Rodrigo Pizarro, jefe de la Brigada de Homicidios de la PDI Temuco, &#8220;particulares dieron cuenta del hallazgo de osamentas humanas dentro de la parcela de su propiedad&#8221;.<\/p>\n<p>El fiscal de turno instruy\u00f3 la concurrencia del Laboratorio de Criminal\u00edstica y de la Brigada de Homicidios de la Polic\u00eda de Investigaciones, para encargarse de las pericias de rigor que permitan identificar al occiso, as\u00ed como las circunstancias y fecha de su muerte. En tanto los restos fueron trasladados al Servicio M\u00e9dico Legal de Temuco donde se deber\u00e1 determinar su data de muerte.<\/p>\n","protected":false},"excerpt":{"rendered":"<p>Hasta el Servicio Medico Legal en Temuco fueron trasladados los restos \u00f3seos encontrados en la zona lacustre de La Araucan\u00eda tras la caida de un \u00e1rbol. As\u00ed lo inform\u00f3 la Polic\u00eda de Investigaciones (PDI), junto con detallar que lo anterior ocurri\u00f3 al interior de un predio ubicado en el sector Pedregoso, en la ruta que une Villarrica con Cunco. En declaraciones el comisario Rodrigo Pizarro, jefe de la Brigada de Homicidios de la PDI Temuco, &#8220;particulares dieron cuenta del hallazgo de osamentas humanas dentro de la parcela de su propiedad&#8221;. El fiscal de turno instruy\u00f3 la concurrencia del Laboratorio de Criminal\u00edstica [&hellip;]<\/p>\n","protected":false},"author":2,"featured_media":4152,"comment_status":"closed","ping_status":"open","sticky":false,"template":"","format":"standard","meta":{"_crdt_document":"","_monsterinsights_skip_tracking":false,"_monsterinsights_sitenote_active":false,"_monsterinsights_sitenote_note":"","_monsterinsights_sitenote_category":0,"_jetpack_memberships_contains_paid_content":false,"footnotes":""},"categories":[7,2],"tags":[],"class_list":["post-4151","post","type-post","status-publish","format-standard","has-post-thumbnail","hentry","category-nacional","category-regionales"],"jetpack_featured_media_url":"https:\/\/radiotemuco.com\/home\/wp-content\/uploads\/2018\/09\/1-1.jpg","jetpack_sharing_enabled":true,"_links":{"self":[{"href":"https:\/\/radiotemuco.com\/home\/wp-json\/wp\/v2\/posts\/4151","targetHints":{"allow":["GET"]}}],"collection":[{"href":"https:\/\/radiotemuco.com\/home\/wp-json\/wp\/v2\/posts"}],"about":[{"href":"https:\/\/radiotemuco.com\/home\/wp-json\/wp\/v2\/types\/post"}],"author":[{"embeddable":true,"href":"https:\/\/radiotemuco.com\/home\/wp-json\/wp\/v2\/users\/2"}],"replies":[{"embeddable":true,"href":"https:\/\/radiotemuco.com\/home\/wp-json\/wp\/v2\/comments?post=4151"}],"version-history":[{"count":1,"href":"https:\/\/radiotemuco.com\/home\/wp-json\/wp\/v2\/posts\/4151\/revisions"}],"predecessor-version":[{"id":4153,"href":"https:\/\/radiotemuco.com\/home\/wp-json\/wp\/v2\/posts\/4151\/revisions\/4153"}],"wp:featuredmedia":[{"embeddable":true,"href":"https:\/\/radiotemuco.com\/home\/wp-json\/wp\/v2\/media\/4152"}],"wp:attachment":[{"href":"https:\/\/radiotemuco.com\/home\/wp-json\/wp\/v2\/media?parent=4151"}],"wp:term":[{"taxonomy":"category","embeddable":true,"href":"https:\/\/radiotemuco.com\/home\/wp-json\/wp\/v2\/categories?post=4151"},{"taxonomy":"post_tag","embeddable":true,"href":"https:\/\/radiotemuco.com\/home\/wp-json\/wp\/v2\/tags?post=4151"}],"curies":[{"name":"wp","href":"https:\/\/api.w.org\/{rel}","templated":true}]}}