{"id":3559,"date":"2018-08-06T19:44:25","date_gmt":"2018-08-06T19:44:25","guid":{"rendered":"http:\/\/radiotemuco.com\/home\/?p=3559"},"modified":"2018-08-06T19:44:25","modified_gmt":"2018-08-06T19:44:25","slug":"mop-recibe-en-septiembre-ofertas-para-la-construccion-del-colector-san-martin","status":"publish","type":"post","link":"https:\/\/radiotemuco.com\/home\/mop-recibe-en-septiembre-ofertas-para-la-construccion-del-colector-san-martin\/","title":{"rendered":"MOP recibe en septiembre ofertas para la construcci\u00f3n del colector San Mart\u00edn"},"content":{"rendered":"<p>Iniciativa proyecta una inversi\u00f3n inicial que supera los 3 mil millones<\/p>\n<p>Durante la primera quincena del mes de septiembre esta programa la recepci\u00f3n de las ofertas t\u00e9cnicas y econ\u00f3micas para la construcci\u00f3n de la primera etapa del Colector de Aguas Lluvias San Mart\u00edn. La informaci\u00f3n\u00a0 fue dada a conocer por el Seremi de Obras P\u00fablicas, Henry Leal.<\/p>\n<p>La obra que se construir\u00e1 en esta Primera etapa, tiene como objetivo terminar con los constantes anegamientos, provocados por las aguas lluvias, que afectan al sector de Avenida Alemania entre calles Espa\u00f1a y Caupolic\u00e1n, generando inconvenientes tanto a automovilistas, peatones, habitantes y comercio del sector.<\/p>\n<p>El Seremi del MOP Henry Leal, detall\u00f3 que el\u00a0 pasado 29 de junio se publicaron los antecedentes del contrato y durante los primeros d\u00edas del mes de septiembre se realizar\u00e1 la apertura de las ofertas\u00a0 en su solo acto. &#8220;Con esto se da un paso importante para ir materializando este proyecto que ha sido largamente esperado por los habitantes de la capital regional&#8221;.<\/p>\n<p>&#8220;Con esta obra, el Gobierno del Presidente Sebasti\u00e1n Pi\u00f1era, comienza a ocuparse en dar una soluci\u00f3n concreta a un problema de anegamientos que cada invierno afecta a un sector de la ciudad de Temuco. Con esta iniciativa se busca mejorar las condiciones de vida de los habitantes de este sector y esperamos comenzar con su ejecuci\u00f3n a fines del presente a\u00f1o&#8221;, detall\u00f3 la autoridad.<\/p>\n<p>Las obras de construcci\u00f3n de la primera etapa de colector San Mart\u00edn implican una inversi\u00f3n de 3.360 millones de pesos, recursos que son financiados con fondos sectoriales de la Direcci\u00f3n de Obras Hidr\u00e1ulicas del MOP.<\/p>\n<p>Lugares a intervenir<\/p>\n<p>De acuerdo a la informaci\u00f3n proporcionada por el\u00a0 Director Regional de Obras Hidr\u00e1ulicas, H\u00e9ctor Mendez, se considera en esta primera etapa construir un colector que est\u00e1 directamente relacionado con la inundaci\u00f3n que afecta a la avenida Alemania, entre la Avda. Caupolic\u00e1n y la calle Espa\u00f1a.<\/p>\n<p>&#8220;Se considera intervenir por calle Senador Est\u00e9banez desde calle\u00a0 San Mart\u00edn al norte, para luego continuar por Avenida Alemania al oriente hasta pasaje el Bosque. Adem\u00e1s, se construir\u00e1 un colector transitorio por calle San Mart\u00edn, desde Senador Est\u00e9banez hasta Hochstetter, para conectar la primera etapa del nuevo colector al colector San Martin existente&#8221;.<\/p>\n<p>M\u00e9ndez dijo tambi\u00e9n que, en esta etapa se incorpora un peque\u00f1o tramo del nuevo colector San Mart\u00edn, correspondiente al extremo final o de descarga al Canal Gabriela Mistral. Adem\u00e1s de dos tramos de colectores de menor di\u00e1metro, uno por calle Holandesa y otro por calle Domingo Rojas.<\/p>\n<p>El profesional agreg\u00f3 que la ejecuci\u00f3n de la primera etapa tiene un plazo de 2 a\u00f1os.<\/p>\n","protected":false},"excerpt":{"rendered":"<p>Iniciativa proyecta una inversi\u00f3n inicial que supera los 3 mil millones Durante la primera quincena del mes de septiembre esta programa la recepci\u00f3n de las ofertas t\u00e9cnicas y econ\u00f3micas para la construcci\u00f3n de la primera etapa del Colector de Aguas Lluvias San Mart\u00edn. La informaci\u00f3n\u00a0 fue dada a conocer por el Seremi de Obras P\u00fablicas, Henry Leal. La obra que se construir\u00e1 en esta Primera etapa, tiene como objetivo terminar con los constantes anegamientos, provocados por las aguas lluvias, que afectan al sector de Avenida Alemania entre calles Espa\u00f1a y Caupolic\u00e1n, generando inconvenientes tanto a automovilistas, peatones, habitantes y comercio del [&hellip;]<\/p>\n","protected":false},"author":2,"featured_media":3560,"comment_status":"closed","ping_status":"open","sticky":false,"template":"","format":"standard","meta":{"_crdt_document":"","_monsterinsights_skip_tracking":false,"_monsterinsights_sitenote_active":false,"_monsterinsights_sitenote_note":"","_monsterinsights_sitenote_category":0,"_jetpack_memberships_contains_paid_content":false,"footnotes":""},"categories":[7,2],"tags":[],"class_list":["post-3559","post","type-post","status-publish","format-standard","has-post-thumbnail","hentry","category-nacional","category-regionales"],"jetpack_featured_media_url":"https:\/\/radiotemuco.com\/home\/wp-content\/uploads\/2018\/08\/4-3.jpg","jetpack_sharing_enabled":true,"_links":{"self":[{"href":"https:\/\/radiotemuco.com\/home\/wp-json\/wp\/v2\/posts\/3559","targetHints":{"allow":["GET"]}}],"collection":[{"href":"https:\/\/radiotemuco.com\/home\/wp-json\/wp\/v2\/posts"}],"about":[{"href":"https:\/\/radiotemuco.com\/home\/wp-json\/wp\/v2\/types\/post"}],"author":[{"embeddable":true,"href":"https:\/\/radiotemuco.com\/home\/wp-json\/wp\/v2\/users\/2"}],"replies":[{"embeddable":true,"href":"https:\/\/radiotemuco.com\/home\/wp-json\/wp\/v2\/comments?post=3559"}],"version-history":[{"count":1,"href":"https:\/\/radiotemuco.com\/home\/wp-json\/wp\/v2\/posts\/3559\/revisions"}],"predecessor-version":[{"id":3561,"href":"https:\/\/radiotemuco.com\/home\/wp-json\/wp\/v2\/posts\/3559\/revisions\/3561"}],"wp:featuredmedia":[{"embeddable":true,"href":"https:\/\/radiotemuco.com\/home\/wp-json\/wp\/v2\/media\/3560"}],"wp:attachment":[{"href":"https:\/\/radiotemuco.com\/home\/wp-json\/wp\/v2\/media?parent=3559"}],"wp:term":[{"taxonomy":"category","embeddable":true,"href":"https:\/\/radiotemuco.com\/home\/wp-json\/wp\/v2\/categories?post=3559"},{"taxonomy":"post_tag","embeddable":true,"href":"https:\/\/radiotemuco.com\/home\/wp-json\/wp\/v2\/tags?post=3559"}],"curies":[{"name":"wp","href":"https:\/\/api.w.org\/{rel}","templated":true}]}}