{"id":2806,"date":"2018-06-20T10:55:54","date_gmt":"2018-06-20T10:55:54","guid":{"rendered":"http:\/\/radiotemuco.com\/home\/?p=2806"},"modified":"2018-06-20T10:55:54","modified_gmt":"2018-06-20T10:55:54","slug":"intendente-firma-mensaje-para-diseno-de-nuevo-liceo-atenea-de-cunco","status":"publish","type":"post","link":"https:\/\/radiotemuco.com\/home\/intendente-firma-mensaje-para-diseno-de-nuevo-liceo-atenea-de-cunco\/","title":{"rendered":"Intendente firma mensaje para dise\u00f1o de nuevo Liceo Atenea de Cunco"},"content":{"rendered":"<p>Intendente Luis Mayol: \u201cAqu\u00ed se hace realidad la promesa del Presidente de<br \/>\nubicar a los ni\u00f1os primeros en la fila\u201d<br \/>\nCeremonia congreg\u00f3 a estudiantes, apoderados, junto a autoridades<br \/>\nregionales y comunales de Cunco, tras la cual se remiti\u00f3 documento al Core<br \/>\nsu aprobaci\u00f3n.<\/p>\n<p>El principal gimnasio de Cunco fue el lugar\u00a0 escogido para\u00a0 que la<br \/>\ncomunidad local integrada por alumnos, profesores, apoderados del Liceo<br \/>\nAtenea recibieran de parte de las autoridades encabezadas\u00a0 por el<br \/>\nIntendente Luis Mayol, la Presidenta del consejo regional, Jacqueline<br \/>\nRomero y el alcalde de la comuna\u00a0 Alfonso Coke,\u00a0 el compromiso para el<br \/>\ndise\u00f1o\u00a0 de\u00a0 reposici\u00f3n del\u00a0 Liceo Atenea, por un monto de M$ 328.490,<br \/>\n(trescientos veintiocho millones cuatrocientos noventa mil pesos).<\/p>\n<p>El Liceo Municipal Atenea de Cunco, es el principal establecimiento de la<br \/>\nRed Educativa Municipal, entrega a los j\u00f3venes de la comuna una oferta de<br \/>\neducaci\u00f3n media cient\u00edfico humanista, impartiendo adem\u00e1s, el nivel de<br \/>\nense\u00f1anza pre b\u00e1sico y b\u00e1sico completa. Su edificaci\u00f3n data de los a\u00f1os 70,<br \/>\ny su estructura es de madera con partes recubiertas de lat\u00f3n. Presentan do<br \/>\ndiversos problemas relacionados con el paso del tiempo,\u00a0 pisos gastados,<br \/>\ndesnivel, pudrici\u00f3n y la poca o nula mantenci\u00f3n de sus instalaciones,\u00a0 lo<br \/>\nque suma poco espacios normativos necesarios para ofrecer una educaci\u00f3n de<br \/>\ncalidad.<\/p>\n<p>El Intendente Mayol destac\u00f3 en su mensaje la importancia de la educaci\u00f3n<br \/>\npara el desarrollo de La Araucan\u00eda, en este marco resalt\u00f3 la importancia<br \/>\nque para el gobierno del Presidente Pi\u00f1era tiene la infancia y su buena<br \/>\neducaci\u00f3n. \u201cEs fundamental para impulsar el crecimiento de las regiones y<br \/>\nel pa\u00eds\u201d, asever\u00f3<\/p>\n<p>Los alumnos reconocen la importancia del anuncio.\u00a0 Francisca Higueras de<br \/>\ntercer a\u00f1o medio\u00a0 del Liceo Atenea, calific\u00f3 la ceremonia como\u00a0 \u00a0un momento<br \/>\nhist\u00f3rico para Cunco, \u201cnosotros\u00a0 como alumnos necesitamos un Liceo que<br \/>\npueda entregar comodidades para nuestros\u00a0 estudio y todas nuestras<br \/>\nactividades\u201d, apunt\u00f3<\/p>\n<p>El alcalde Alfonso Coke dice \u201cQue con esta reposici\u00f3n la comuna de Cunco<br \/>\nsigue creciendo y sumando obras para el beneficio de todos, como es el<br \/>\nnuevo Cuartel de Bomberos y Hospital, pronto a entregarse al uso p\u00fablico<br \/>\nsumando ahora el dise\u00f1o para un emblem\u00e1tico establecimiento educacional\u201d<\/p>\n<p>La presidenta del Core, Jacquelinne\u00a0 Romero indic\u00f3 \u201ceste es un gran avance<br \/>\npara Cunco, comuna que permanentemente est\u00e1 solicitando a trav\u00e9s de sus<br \/>\nautoridades apoyos para lograr los avances que sus vecinos solicitan, y<br \/>\ndonde los Consejeros Regionales estamos dispuestos a colaborar priorizando<br \/>\nlos recursos necesarios.<\/p>\n<p>El liceo Atenea con una capacidad de 950 alumnos,\u00a0 requiere del dise\u00f1o de<br \/>\nun edificio de 8.068 m2 de recintos, y 1.785 m2 de a\u00e9reas descubiertas de<br \/>\nacuerdo con el programa arquitect\u00f3nico aprobado por SECREDUC y por la<br \/>\ncomunidad escolar. Las instalaciones a dise\u00f1ar deber\u00e1n albergar una<br \/>\ncapacidad definida, para su alumnado incorporado todos los conceptos de<br \/>\neficiencia energ\u00e9tica, tanto en su arquitectura pasiva como en sus<br \/>\ninstalaciones.<\/p>\n","protected":false},"excerpt":{"rendered":"<p>Intendente Luis Mayol: \u201cAqu\u00ed se hace realidad la promesa del Presidente de ubicar a los ni\u00f1os primeros en la fila\u201d Ceremonia congreg\u00f3 a estudiantes, apoderados, junto a autoridades regionales y comunales de Cunco, tras la cual se remiti\u00f3 documento al Core su aprobaci\u00f3n. El principal gimnasio de Cunco fue el lugar\u00a0 escogido para\u00a0 que la comunidad local integrada por alumnos, profesores, apoderados del Liceo Atenea recibieran de parte de las autoridades encabezadas\u00a0 por el Intendente Luis Mayol, la Presidenta del consejo regional, Jacqueline Romero y el alcalde de la comuna\u00a0 Alfonso Coke,\u00a0 el compromiso para el dise\u00f1o\u00a0 de\u00a0 reposici\u00f3n del\u00a0 Liceo [&hellip;]<\/p>\n","protected":false},"author":2,"featured_media":2807,"comment_status":"closed","ping_status":"open","sticky":false,"template":"","format":"standard","meta":{"_crdt_document":"","_monsterinsights_skip_tracking":false,"_monsterinsights_sitenote_active":false,"_monsterinsights_sitenote_note":"","_monsterinsights_sitenote_category":0,"_jetpack_memberships_contains_paid_content":false,"footnotes":""},"categories":[7,2],"tags":[],"class_list":["post-2806","post","type-post","status-publish","format-standard","has-post-thumbnail","hentry","category-nacional","category-regionales"],"jetpack_featured_media_url":"https:\/\/radiotemuco.com\/home\/wp-content\/uploads\/2018\/06\/55.jpg","jetpack_sharing_enabled":true,"_links":{"self":[{"href":"https:\/\/radiotemuco.com\/home\/wp-json\/wp\/v2\/posts\/2806","targetHints":{"allow":["GET"]}}],"collection":[{"href":"https:\/\/radiotemuco.com\/home\/wp-json\/wp\/v2\/posts"}],"about":[{"href":"https:\/\/radiotemuco.com\/home\/wp-json\/wp\/v2\/types\/post"}],"author":[{"embeddable":true,"href":"https:\/\/radiotemuco.com\/home\/wp-json\/wp\/v2\/users\/2"}],"replies":[{"embeddable":true,"href":"https:\/\/radiotemuco.com\/home\/wp-json\/wp\/v2\/comments?post=2806"}],"version-history":[{"count":1,"href":"https:\/\/radiotemuco.com\/home\/wp-json\/wp\/v2\/posts\/2806\/revisions"}],"predecessor-version":[{"id":2808,"href":"https:\/\/radiotemuco.com\/home\/wp-json\/wp\/v2\/posts\/2806\/revisions\/2808"}],"wp:featuredmedia":[{"embeddable":true,"href":"https:\/\/radiotemuco.com\/home\/wp-json\/wp\/v2\/media\/2807"}],"wp:attachment":[{"href":"https:\/\/radiotemuco.com\/home\/wp-json\/wp\/v2\/media?parent=2806"}],"wp:term":[{"taxonomy":"category","embeddable":true,"href":"https:\/\/radiotemuco.com\/home\/wp-json\/wp\/v2\/categories?post=2806"},{"taxonomy":"post_tag","embeddable":true,"href":"https:\/\/radiotemuco.com\/home\/wp-json\/wp\/v2\/tags?post=2806"}],"curies":[{"name":"wp","href":"https:\/\/api.w.org\/{rel}","templated":true}]}}