{"id":27514,"date":"2026-09-04T19:16:14","date_gmt":"2026-09-04T19:16:14","guid":{"rendered":"https:\/\/radiotemuco.com\/home\/?p=27514"},"modified":"2026-09-04T19:16:14","modified_gmt":"2026-09-04T19:16:14","slug":"los-huasos-de-algarrobal-celebran-60-anos-de-musica-y-tradicion-en-dreams-temuco","status":"publish","type":"post","link":"https:\/\/radiotemuco.com\/home\/los-huasos-de-algarrobal-celebran-60-anos-de-musica-y-tradicion-en-dreams-temuco\/","title":{"rendered":"Los Huasos de Algarrobal celebran 60 a\u00f1os de m\u00fasica y tradici\u00f3n en Dreams Temuco"},"content":{"rendered":"<p>El hist\u00f3rico conjunto folcl\u00f3rico llegar\u00e1 este s\u00e1bado como parte de su gira aniversario, con un espect\u00e1culo que pone en valor su trayectoria y difusi\u00f3n de la m\u00fasica chilena.<\/p>\n<p>Seis d\u00e9cadas sobre los escenarios de Chile y el mundo son las que celebran Los Huasos de Algarrobal, conjunto que este a\u00f1o conmemora con letras de oro su prol\u00edfica trayectoria musical y que este s\u00e1bado llegar\u00e1 nuevamente a Dreams Temuco.<\/p>\n<p>Con varias presentaciones anteriores en el casino, la agrupaci\u00f3n ser\u00e1 parte de la programaci\u00f3n del recinto durante estas fechas en que el pa\u00eds se prepara para celebrar sus tradiciones e identidad. El espect\u00e1culo se realizar\u00e1 no antes de las 22:00 horas, en el restobar Lucky 7 del casino de la capital regional.<\/p>\n<p>\u201cEste a\u00f1o ha sido muy especial porque hemos podido tangibilizar de manera muy evidente lo que significa difundir nuestra m\u00fasica y c\u00f3mo ella ha estado presente en los corazones de muchas generaciones que hoy reconocen el trabajo del conjunto y el valor que existe en hacer presentes nuestras tradiciones\u201d, se\u00f1ala Cristi\u00e1n O\u2019Ryan, director musical.<\/p>\n<p>La celebraci\u00f3n de las seis d\u00e9cadas tambi\u00e9n representa una oportunidad para poner en perspectiva el camino recorrido por el conjunto y la responsabilidad que significa mantener vigente una forma particular de interpretar el repertorio folcl\u00f3rico nacional.<\/p>\n<p>\u201cHoy somos una nueva generaci\u00f3n, pero sentimos la responsabilidad y el privilegio que representa la tarea de seguir con la promoci\u00f3n de nuestra m\u00fasica. La m\u00fasica chilena es parte fundamental de nuestra identidad y nosotros tenemos la misi\u00f3n de seguir difundiendo ese patrimonio\u201d, explica O\u2019Ryan.<\/p>\n<p>La actual formaci\u00f3n est\u00e1 compuesta por Enrique Rodr\u00edguez, voz alta del conjunto; Crist\u00f3bal Walker, voz baja; Raimundo Rodr\u00edguez, primera voz y Cristi\u00e1n O\u2019Ryan, segunda voz y director musical. Los cuatro integrantes, adem\u00e1s, ejecutan la guitarra.<\/p>\n<p>\u201cSomos una nueva generaci\u00f3n que ha tomado esta posta y que tiene el enorme privilegio de continuar una historia que comenz\u00f3 hace 60 a\u00f1os. Queremos que esta pasi\u00f3n siga proyect\u00e1ndose y que nuestra m\u00fasica pueda llegar a nuevas generaciones\u201d, comenta el director musical.<\/p>\n<p>El aniversario ha significado un a\u00f1o cargado de recuerdos y emociones para Los Huasos de Algarrobal, quienes han debido volver a recorrer las distintas etapas de su historia para valorar los \u00e9xitos, aprendizajes y momentos que han marcado su trayectoria..<\/p>\n<p>El pr\u00f3ximo 10 de septiembre, el conjunto realizar\u00e1 su concierto aniversario, una celebraci\u00f3n que tendr\u00e1 adem\u00e1s la participaci\u00f3n de integrantes hist\u00f3ricos de Los Huasos de Algarrobal.<br \/>\n\u201cEl d\u00eda de nuestro cumplea\u00f1os estaremos realizando nuestro concierto aniversario y eso nos tiene muy contentos, porque lo haremos con los huasos hist\u00f3ricos, que son quienes marcaron la senda que hoy nos permite proyectar a nuestro conjunto para otros 60 a\u00f1os m\u00e1s\u201d, adelanta.<\/p>\n<p>La agrupaci\u00f3n valor\u00f3 especialmente la posibilidad de llevar su m\u00fasica a distintas regiones durante un per\u00edodo tan significativo para el pa\u00eds.<\/p>\n<p>\u201cEstamos muy contentos por la oportunidad que nos da la cadena Dreams de llevar nuestra m\u00fasica a regiones en estas fechas tan importantes para Chile, en que nos unimos como pa\u00eds para celebrar lo propio, lo nuestro, lo que nos representa. Queremos ser portadores de esa misi\u00f3n y compartir nuestra identidad musical con el p\u00fablico de Temuco\u201d, concluye Cristi\u00e1n O\u2019Ryan.<br \/>\nEl acceso al show de este s\u00e1bado en el escenario del Restobar Lucky 7, es gratis con la entrada al casino.<\/p>\n","protected":false},"excerpt":{"rendered":"<p>El hist\u00f3rico conjunto folcl\u00f3rico llegar\u00e1 este s\u00e1bado como parte de su gira aniversario, con un espect\u00e1culo que pone en valor su trayectoria y difusi\u00f3n de la m\u00fasica chilena. Seis d\u00e9cadas sobre los escenarios de Chile y el mundo son las que celebran Los Huasos de Algarrobal, conjunto que este a\u00f1o conmemora con letras de oro [&hellip;]<\/p>\n","protected":false},"author":2,"featured_media":27515,"comment_status":"closed","ping_status":"open","sticky":false,"template":"","format":"standard","meta":{"_monsterinsights_skip_tracking":false,"_jetpack_newsletter_access":"","_jetpack_dont_email_post_to_subs":false,"_jetpack_newsletter_tier_id":0,"_jetpack_memberships_contains_paywalled_content":false,"_jetpack_memberships_contains_paid_content":false,"footnotes":""},"categories":[8,7,2],"tags":[],"class_list":["post-27514","post","type-post","status-publish","format-standard","has-post-thumbnail","hentry","category-internacional","category-nacional","category-regionales"],"jetpack_featured_media_url":"https:\/\/radiotemuco.com\/home\/wp-content\/uploads\/2026\/09\/WhatsApp-Image-2026-09-04-at-12.14.05.jpeg","jetpack_sharing_enabled":true,"_links":{"self":[{"href":"https:\/\/radiotemuco.com\/home\/wp-json\/wp\/v2\/posts\/27514","targetHints":{"allow":["GET"]}}],"collection":[{"href":"https:\/\/radiotemuco.com\/home\/wp-json\/wp\/v2\/posts"}],"about":[{"href":"https:\/\/radiotemuco.com\/home\/wp-json\/wp\/v2\/types\/post"}],"author":[{"embeddable":true,"href":"https:\/\/radiotemuco.com\/home\/wp-json\/wp\/v2\/users\/2"}],"replies":[{"embeddable":true,"href":"https:\/\/radiotemuco.com\/home\/wp-json\/wp\/v2\/comments?post=27514"}],"version-history":[{"count":1,"href":"https:\/\/radiotemuco.com\/home\/wp-json\/wp\/v2\/posts\/27514\/revisions"}],"predecessor-version":[{"id":27516,"href":"https:\/\/radiotemuco.com\/home\/wp-json\/wp\/v2\/posts\/27514\/revisions\/27516"}],"wp:featuredmedia":[{"embeddable":true,"href":"https:\/\/radiotemuco.com\/home\/wp-json\/wp\/v2\/media\/27515"}],"wp:attachment":[{"href":"https:\/\/radiotemuco.com\/home\/wp-json\/wp\/v2\/media?parent=27514"}],"wp:term":[{"taxonomy":"category","embeddable":true,"href":"https:\/\/radiotemuco.com\/home\/wp-json\/wp\/v2\/categories?post=27514"},{"taxonomy":"post_tag","embeddable":true,"href":"https:\/\/radiotemuco.com\/home\/wp-json\/wp\/v2\/tags?post=27514"}],"curies":[{"name":"wp","href":"https:\/\/api.w.org\/{rel}","templated":true}]}}