{"id":27510,"date":"2026-09-04T11:08:06","date_gmt":"2026-09-04T11:08:06","guid":{"rendered":"https:\/\/radiotemuco.com\/home\/?p=27510"},"modified":"2026-09-04T11:08:06","modified_gmt":"2026-09-04T11:08:06","slug":"pdi-investiga-homicidio-de-interno-en-centro-de-detencion-provisoria-de-angol","status":"publish","type":"post","link":"https:\/\/radiotemuco.com\/home\/pdi-investiga-homicidio-de-interno-en-centro-de-detencion-provisoria-de-angol\/","title":{"rendered":"PDI investiga homicidio de interno en centro de detenci\u00f3n provisoria de Angol"},"content":{"rendered":"<p>Detectives de la Brigada de Homicidios Temuco, junto al Equipo de Crimen Organizado y Homicidios (ECOH) de la Fiscal\u00eda Regional de La Araucan\u00eda, investigan el homicidio de un interno del Centro de Detenci\u00f3n Provisoria de Angol, ocurrido durante la jornada de ayer al interior del recinto penitenciario.<\/p>\n<p>De acuerdo con las primeras diligencias desarrolladas por los oficiales policiales, alrededor de las 10:00 horas, personal de Gendarmer\u00eda de turno inici\u00f3 una ronda preventiva y aleatoria por los m\u00f3dulos de condenados e imputados del recinto.<\/p>\n<p>Durante este procedimiento, la v\u00edctima, un interno conocido con el apodo de \u201cMaradona\u201d, fue sorprendida portando entre sus vestimentas un arma cortante de confecci\u00f3n artesanal. Debido a esta situaci\u00f3n, fue trasladada hasta la guardia interna, con la finalidad de efectuar el procedimiento correspondiente.<\/p>\n<p>Aproximadamente una hora y media despu\u00e9s, el interno fue derivado hacia el m\u00f3dulo de imputados, escoltado por dos funcionarios de Gendarmer\u00eda. Mientras se desplazaba por el exterior del m\u00f3dulo de condenados, uno de los internos que se encontraba en dicho sector habr\u00eda utilizado una lanza de confecci\u00f3n artesanal para atacarlo por la espalda.<\/p>\n<p>Al advertir la agresi\u00f3n, los funcionarios de Gendarmer\u00eda intervinieron para reducir al atacante. En ese momento, otros tres internos habr\u00edan aprovechado la situaci\u00f3n para salir de sus dependencias y agredir reiteradamente a la v\u00edctima.<\/p>\n<p>Ante ello, los funcionarios lograron controlar el incidente, reduciendo a los involucrados y aisl\u00e1ndolos del resto de la poblaci\u00f3n penal.<\/p>\n<p>Producto de la agresi\u00f3n, la v\u00edctima result\u00f3 con aproximadamente 20 lesiones y heridas provocadas por elementos cortantes, por lo que fue asistida y posteriormente trasladada hasta el Servicio de Urgencias del Hospital de Angol. Pese a la atenci\u00f3n m\u00e9dica recibida, falleci\u00f3 debido a la gravedad de sus lesiones.<\/p>\n<p>Tras conocerse el fallecimiento, detectives de la Brigada de Homicidios Temuco, en coordinaci\u00f3n con el ECOH de la Fiscal\u00eda Regional de La Araucan\u00eda, concurrieron hasta el recinto penitenciario para desarrollar las diligencias investigativas destinadas a esclarecer las circunstancias del homicidio.<\/p>\n<p>En el lugar, los oficiales realizaron el levantamiento de evidencia, entrevistas a testigos y revisi\u00f3n de las c\u00e1maras de monitoreo, logrando establecer la identidad de los cinco internos que habr\u00edan participado en la agresi\u00f3n.<\/p>\n<p>En paralelo, personal de Gendarmer\u00eda incaut\u00f3 dos armas de confecci\u00f3n artesanal utilizadas durante el hecho, las que fueron levantadas por los detectives de la BH Temuco y ser\u00e1n sometidas a los respectivos peritajes criminal\u00edsticos.<\/p>\n<p>Los cuatro imputados permanecen bajo custodia de Gendarmer\u00eda de Chile. Al ser entrevistados por los oficiales policiales, hicieron uso de su derecho a guardar silencio, sin entregar antecedentes respecto de los hechos investigados.<\/p>\n<p>En cuanto a la motivaci\u00f3n del ataque, las diligencias realizadas hasta el momento establecen como una de las l\u00edneas investigativas la existencia de rencillas previas entre uno de los involucrados y la v\u00edctima.<\/p>\n<p>Respecto de los antecedentes de los imputados, estos se encontraban privados de libertad por delitos asociados a il\u00edcitos contra la propiedad, tr\u00e1fico de drogas, robo de veh\u00edculo motorizado, ocultaci\u00f3n de placas patentes y receptaci\u00f3n.<\/p>\n<p>Por su parte, la v\u00edctima registraba antecedentes policiales por robo por sorpresa, violaci\u00f3n de morada, homicidio y secuestro con homicidio.<\/p>\n<p>La investigaci\u00f3n contin\u00faa bajo la direcci\u00f3n del Ministerio P\u00fablico, con el objetivo de establecer la din\u00e1mica precisa del hecho, la participaci\u00f3n que le corresponde a cada uno de los involucrados y las circunstancias que motivaron el ataque.<\/p>\n","protected":false},"excerpt":{"rendered":"<p>Detectives de la Brigada de Homicidios Temuco, junto al Equipo de Crimen Organizado y Homicidios (ECOH) de la Fiscal\u00eda Regional de La Araucan\u00eda, investigan el homicidio de un interno del Centro de Detenci\u00f3n Provisoria de Angol, ocurrido durante la jornada de ayer al interior del recinto penitenciario. De acuerdo con las primeras diligencias desarrolladas por [&hellip;]<\/p>\n","protected":false},"author":2,"featured_media":27511,"comment_status":"closed","ping_status":"open","sticky":false,"template":"","format":"standard","meta":{"_monsterinsights_skip_tracking":false,"_jetpack_newsletter_access":"","_jetpack_dont_email_post_to_subs":false,"_jetpack_newsletter_tier_id":0,"_jetpack_memberships_contains_paywalled_content":false,"_jetpack_memberships_contains_paid_content":false,"footnotes":""},"categories":[8,7,2],"tags":[],"class_list":["post-27510","post","type-post","status-publish","format-standard","has-post-thumbnail","hentry","category-internacional","category-nacional","category-regionales"],"jetpack_featured_media_url":"https:\/\/radiotemuco.com\/home\/wp-content\/uploads\/2026\/09\/WhatsApp-Image-2026-09-03-at-10.30.22.jpeg","jetpack_sharing_enabled":true,"_links":{"self":[{"href":"https:\/\/radiotemuco.com\/home\/wp-json\/wp\/v2\/posts\/27510","targetHints":{"allow":["GET"]}}],"collection":[{"href":"https:\/\/radiotemuco.com\/home\/wp-json\/wp\/v2\/posts"}],"about":[{"href":"https:\/\/radiotemuco.com\/home\/wp-json\/wp\/v2\/types\/post"}],"author":[{"embeddable":true,"href":"https:\/\/radiotemuco.com\/home\/wp-json\/wp\/v2\/users\/2"}],"replies":[{"embeddable":true,"href":"https:\/\/radiotemuco.com\/home\/wp-json\/wp\/v2\/comments?post=27510"}],"version-history":[{"count":1,"href":"https:\/\/radiotemuco.com\/home\/wp-json\/wp\/v2\/posts\/27510\/revisions"}],"predecessor-version":[{"id":27512,"href":"https:\/\/radiotemuco.com\/home\/wp-json\/wp\/v2\/posts\/27510\/revisions\/27512"}],"wp:featuredmedia":[{"embeddable":true,"href":"https:\/\/radiotemuco.com\/home\/wp-json\/wp\/v2\/media\/27511"}],"wp:attachment":[{"href":"https:\/\/radiotemuco.com\/home\/wp-json\/wp\/v2\/media?parent=27510"}],"wp:term":[{"taxonomy":"category","embeddable":true,"href":"https:\/\/radiotemuco.com\/home\/wp-json\/wp\/v2\/categories?post=27510"},{"taxonomy":"post_tag","embeddable":true,"href":"https:\/\/radiotemuco.com\/home\/wp-json\/wp\/v2\/tags?post=27510"}],"curies":[{"name":"wp","href":"https:\/\/api.w.org\/{rel}","templated":true}]}}