{"id":27497,"date":"2026-09-04T10:37:16","date_gmt":"2026-09-04T10:37:16","guid":{"rendered":"https:\/\/radiotemuco.com\/home\/?p=27497"},"modified":"2026-09-04T10:37:16","modified_gmt":"2026-09-04T10:37:16","slug":"la-sociedad-y-paul-vasquez-llegan-este-viernes-a-dreams-con-musica-y-humor","status":"publish","type":"post","link":"https:\/\/radiotemuco.com\/home\/la-sociedad-y-paul-vasquez-llegan-este-viernes-a-dreams-con-musica-y-humor\/","title":{"rendered":"La Sociedad y Paul V\u00e1squez llegan este viernes a Dreams con m\u00fasica y humor"},"content":{"rendered":"<p>D\u00fao nacional se presentar\u00e1 en el centro de eventos y \u201cEl Flaco\u201d llevar\u00e1 su nueva rutina al Lucky 7, no antes de las 22:00 horas.<\/p>\n<p>Dreams propone una jornada especial con dos reconocidos nombres del espect\u00e1culo chileno. El d\u00fao \u201cLa Sociedad\u201d llegar\u00e1 con sus grandes \u00e9xitos en el<br \/>\nmarco de los 30 a\u00f1os de trayectoria se presentar\u00e1 en el centro de eventos del hotel, en el marco de su gira \u201cGrandes \u00c9xitos En Vivo\u201d, con la que conmemora los 30 a\u00f1os de \u201cNada Quedar\u00e1\u201d, uno de los grandes \u00e9xitos de su trayectoria.<\/p>\n<p>El d\u00fao formado por Pablo Castro y Daniel Guerrero tambi\u00e9n llega con novedades, luego del lanzamiento de \u201cComo Te Extra\u00f1o\u201d, una canci\u00f3n in\u00e9dita que permaneci\u00f3 guardada durante tres d\u00e9cadas y que ahora fue presentada con una producci\u00f3n renovada, manteniendo el estilo rom\u00e1ntico que marc\u00f3 al conjunto\u00a0durante los a\u00f1os 90.<br \/>\nLa agrupaci\u00f3n es recordada por canciones como \u201cQuiz\u00e1s\u201d, \u201cC\u00f3mo\u201d, \u201cY Ver\u00e1s\u201d y \u201cEsas Mujeres\u201d, adem\u00e1s de \u201cNada Quedar\u00e1\u201d, que se convirti\u00f3 en uno de sus temas m\u00e1s emblem\u00e1ticos.<br \/>\nLas entradas para la presentaci\u00f3n\u00a0est\u00e1n disponibles a trav\u00e9s de Ticketmaster.<\/p>\n<p><img fetchpriority=\"high\" decoding=\"async\" class=\"alignnone size-full wp-image-27498\" src=\"https:\/\/radiotemuco.com\/home\/wp-content\/uploads\/2026\/09\/Captura-de-pantalla-2026-09-04-063347.png\" alt=\"\" width=\"715\" height=\"494\" \/><\/p>\n<p>Tambi\u00e9n este viernes, pero en el escenario del Lucky 7 y no antes de las 22:00 horas, Paul V\u00e1squez \u201cEl Flaco\u201d volver\u00e1 a Dreams Temuco despu\u00e9s de aproximadamente un a\u00f1o.<br \/>\nEl reconocido comediante nacional presentar\u00e1 su rutina \u201cCualquier Camino Que Tenga Humor\u201d, un espect\u00e1culo que aborda situaciones cotidianas, relaciones humanas, amor, infidelidad y contingencia, todo acompa\u00f1ado por el particular sello humor\u00edstico que caracteriza al exintegrante de Dinamita Show.<\/p>\n<p>\u201cEstoy muy contento de volver despu\u00e9s de aproximadamente un a\u00f1o. Siempre es bonito reencontrarse con la gente y poder compartir una noche de humor. Los espero con todo el cari\u00f1o del mundo\u201d, se\u00f1ala V\u00e1squez.<\/p>\n<p>La presentaci\u00f3n de \u201cEl Flaco\u201d ser\u00e1 gratuita con la entrada al casino, por lo que el p\u00fablico no necesita adquirir una entrada adicional para disfrutar del espect\u00e1culo.<br \/>\n\u201cLos espero con todo el cari\u00f1o del mundo. Vengan a disfrutar, a re\u00edrse y a compartir una linda noche\u201d, concluye el comediante.<\/p>\n","protected":false},"excerpt":{"rendered":"<p>D\u00fao nacional se presentar\u00e1 en el centro de eventos y \u201cEl Flaco\u201d llevar\u00e1 su nueva rutina al Lucky 7, no antes de las 22:00 horas. Dreams propone una jornada especial con dos reconocidos nombres del espect\u00e1culo chileno. El d\u00fao \u201cLa Sociedad\u201d llegar\u00e1 con sus grandes \u00e9xitos en el marco de los 30 a\u00f1os de trayectoria [&hellip;]<\/p>\n","protected":false},"author":2,"featured_media":27499,"comment_status":"closed","ping_status":"open","sticky":false,"template":"","format":"standard","meta":{"_monsterinsights_skip_tracking":false,"_jetpack_newsletter_access":"","_jetpack_dont_email_post_to_subs":false,"_jetpack_newsletter_tier_id":0,"_jetpack_memberships_contains_paywalled_content":false,"_jetpack_memberships_contains_paid_content":false,"footnotes":""},"categories":[8,7,2],"tags":[],"class_list":["post-27497","post","type-post","status-publish","format-standard","has-post-thumbnail","hentry","category-internacional","category-nacional","category-regionales"],"jetpack_featured_media_url":"https:\/\/radiotemuco.com\/home\/wp-content\/uploads\/2026\/09\/Captura-de-pantalla-2026-09-04-063127.png","jetpack_sharing_enabled":true,"_links":{"self":[{"href":"https:\/\/radiotemuco.com\/home\/wp-json\/wp\/v2\/posts\/27497","targetHints":{"allow":["GET"]}}],"collection":[{"href":"https:\/\/radiotemuco.com\/home\/wp-json\/wp\/v2\/posts"}],"about":[{"href":"https:\/\/radiotemuco.com\/home\/wp-json\/wp\/v2\/types\/post"}],"author":[{"embeddable":true,"href":"https:\/\/radiotemuco.com\/home\/wp-json\/wp\/v2\/users\/2"}],"replies":[{"embeddable":true,"href":"https:\/\/radiotemuco.com\/home\/wp-json\/wp\/v2\/comments?post=27497"}],"version-history":[{"count":1,"href":"https:\/\/radiotemuco.com\/home\/wp-json\/wp\/v2\/posts\/27497\/revisions"}],"predecessor-version":[{"id":27500,"href":"https:\/\/radiotemuco.com\/home\/wp-json\/wp\/v2\/posts\/27497\/revisions\/27500"}],"wp:featuredmedia":[{"embeddable":true,"href":"https:\/\/radiotemuco.com\/home\/wp-json\/wp\/v2\/media\/27499"}],"wp:attachment":[{"href":"https:\/\/radiotemuco.com\/home\/wp-json\/wp\/v2\/media?parent=27497"}],"wp:term":[{"taxonomy":"category","embeddable":true,"href":"https:\/\/radiotemuco.com\/home\/wp-json\/wp\/v2\/categories?post=27497"},{"taxonomy":"post_tag","embeddable":true,"href":"https:\/\/radiotemuco.com\/home\/wp-json\/wp\/v2\/tags?post=27497"}],"curies":[{"name":"wp","href":"https:\/\/api.w.org\/{rel}","templated":true}]}}