{"id":27475,"date":"2026-09-02T11:00:22","date_gmt":"2026-09-02T11:00:22","guid":{"rendered":"https:\/\/radiotemuco.com\/home\/?p=27475"},"modified":"2026-09-02T11:00:22","modified_gmt":"2026-09-02T11:00:22","slug":"conaf-entrega-mapas-de-riesgo-a-las-32-comunas-y-avanza-en-planes-de-prevencion-de-incendios-forestales","status":"publish","type":"post","link":"https:\/\/radiotemuco.com\/home\/conaf-entrega-mapas-de-riesgo-a-las-32-comunas-y-avanza-en-planes-de-prevencion-de-incendios-forestales\/","title":{"rendered":"CONAF entrega mapas de riesgo a las 32 comunas y avanza en planes de prevenci\u00f3n de incendios forestales"},"content":{"rendered":"<p>Con el objetivo de fortalecer la preparaci\u00f3n de las comunas frente al pr\u00f3ximo periodo de mayor incidencia de incendios forestales, autoridades regionales conocieron los avances de los Planes Comunales de Prevenci\u00f3n y Mitigaci\u00f3n de Incendios Forestales y los principales mapas de riesgo elaborados por la Corporaci\u00f3n Nacional Forestal (CONAF) para la Regi\u00f3n de La Araucan\u00eda.<\/p>\n<p>A la fecha, las 32 comunas de La Araucan\u00eda cuentan con informaci\u00f3n territorial asociada al riesgo de incendios forestales, incluyendo antecedentes sobre ocurrencia, superficie afectada, causalidad y registro de quemas. En tanto, los Planes Comunales de Prevenci\u00f3n y Mitigaci\u00f3n ya fueron entregados en Los Sauces, Traigu\u00e9n y Victoria, mientras que Lumaco se incorporar\u00e1 al proceso de entrega.<\/p>\n<p>El delegado presidencial regional, Francisco Ljubetic, destac\u00f3 que la informaci\u00f3n permitir\u00e1 a los municipios asumir un rol activo en la preparaci\u00f3n de sus territorios, \u201choy d\u00eda las 32 comunas de La Araucan\u00eda tienen sus mapas de riesgo de incendio y a partir de ello hay que trabajar. Es imperativo que cada uno de los alcaldes realice las tareas que le corresponden en sus propias comunas\u201d.<\/p>\n<p>Estos instrumentos permiten identificar d\u00f3nde se concentran los incendios, cu\u00e1les son sus principales causas y qu\u00e9 sectores presentan mayores niveles de exposici\u00f3n, orientando medidas como manejo de combustibles vegetales, limpieza de sectores cr\u00edticos, intervenci\u00f3n de fajas viales, patrullajes preventivos, regulaci\u00f3n del uso del fuego, educaci\u00f3n y trabajo con comunidades, adem\u00e1s de la protecci\u00f3n de zonas de interfaz e infraestructura cr\u00edtica.<\/p>\n<p>La autoridad agreg\u00f3 que se realizar\u00e1 seguimiento al trabajo municipal y llam\u00f3 a avanzar tambi\u00e9n en la generaci\u00f3n de ordenanzas espec\u00edficas relacionadas con incendios forestales.<\/p>\n<p>El director regional de CONAF, H\u00e9ctor Tiller\u00eda, enfatiz\u00f3 que el momento para implementar las medidas de prevenci\u00f3n y mitigaci\u00f3n es antes de que comience el per\u00edodo de mayor riesgo, \u201ces el momento donde tenemos que trabajar en incendios forestales, en las medidas de prevenci\u00f3n y mitigaci\u00f3n, con cortafuegos, con trabajo en las escuelas, en los consultorios y en las infraestructuras cr\u00edticas, para tratar de llegar a un verano con las medidas establecidas\u201d.<\/p>\n<p>Tiller\u00eda explic\u00f3 \u201choy hablamos de incendios rurales, en los cuales tenemos una alta densidad de viviendas, principalmente por el efecto de las parcelaciones, y eso hace mucho m\u00e1s dif\u00edcil el combate y el control de un incendio forestal\u201d.<\/p>\n<p>El director regional de SENAPRED, Ian Gorayeb, destac\u00f3, \u201cse est\u00e1n realizando ya varias mesas de trabajo, de manera de enfocar todos los esfuerzos con las municipalidades, con los servicios y con las organizaciones privadas, para empezar con simulacros y con la preparaci\u00f3n\u201d.<\/p>\n<p>Los planes comunales buscan precisamente avanzar desde el diagn\u00f3stico hacia una agenda concreta de prevenci\u00f3n, mediante una metodolog\u00eda que considera cuatro etapas: diagnosticar, priorizar, coordinar y ejecutar, estableciendo responsables, programaci\u00f3n y seguimiento de las acciones.<\/p>\n<p>De esta manera, el desaf\u00edo para los pr\u00f3ximos meses ser\u00e1 que los mapas de riesgo y los planes comunales se traduzcan en intervenciones concretas en los territorios, fortaleciendo la coordinaci\u00f3n entre municipios, CONAF, SENAPRED, Bomberos, empresas, agricultores y comunidades, con el objetivo de reducir la exposici\u00f3n y vulnerabilidad frente a incendios forestales y proteger a las personas, sus viviendas, infraestructura y patrimonio natural.<\/p>\n","protected":false},"excerpt":{"rendered":"<p>Con el objetivo de fortalecer la preparaci\u00f3n de las comunas frente al pr\u00f3ximo periodo de mayor incidencia de incendios forestales, autoridades regionales conocieron los avances de los Planes Comunales de Prevenci\u00f3n y Mitigaci\u00f3n de Incendios Forestales y los principales mapas de riesgo elaborados por la Corporaci\u00f3n Nacional Forestal (CONAF) para la Regi\u00f3n de La Araucan\u00eda. [&hellip;]<\/p>\n","protected":false},"author":2,"featured_media":27476,"comment_status":"closed","ping_status":"open","sticky":false,"template":"","format":"standard","meta":{"_monsterinsights_skip_tracking":false,"_jetpack_newsletter_access":"","_jetpack_dont_email_post_to_subs":false,"_jetpack_newsletter_tier_id":0,"_jetpack_memberships_contains_paywalled_content":false,"_jetpack_memberships_contains_paid_content":false,"footnotes":""},"categories":[8,7,2],"tags":[],"class_list":["post-27475","post","type-post","status-publish","format-standard","has-post-thumbnail","hentry","category-internacional","category-nacional","category-regionales"],"jetpack_featured_media_url":"https:\/\/radiotemuco.com\/home\/wp-content\/uploads\/2026\/09\/WhatsApp-Image-2026-09-01-at-15.39.35.jpeg","jetpack_sharing_enabled":true,"_links":{"self":[{"href":"https:\/\/radiotemuco.com\/home\/wp-json\/wp\/v2\/posts\/27475","targetHints":{"allow":["GET"]}}],"collection":[{"href":"https:\/\/radiotemuco.com\/home\/wp-json\/wp\/v2\/posts"}],"about":[{"href":"https:\/\/radiotemuco.com\/home\/wp-json\/wp\/v2\/types\/post"}],"author":[{"embeddable":true,"href":"https:\/\/radiotemuco.com\/home\/wp-json\/wp\/v2\/users\/2"}],"replies":[{"embeddable":true,"href":"https:\/\/radiotemuco.com\/home\/wp-json\/wp\/v2\/comments?post=27475"}],"version-history":[{"count":1,"href":"https:\/\/radiotemuco.com\/home\/wp-json\/wp\/v2\/posts\/27475\/revisions"}],"predecessor-version":[{"id":27477,"href":"https:\/\/radiotemuco.com\/home\/wp-json\/wp\/v2\/posts\/27475\/revisions\/27477"}],"wp:featuredmedia":[{"embeddable":true,"href":"https:\/\/radiotemuco.com\/home\/wp-json\/wp\/v2\/media\/27476"}],"wp:attachment":[{"href":"https:\/\/radiotemuco.com\/home\/wp-json\/wp\/v2\/media?parent=27475"}],"wp:term":[{"taxonomy":"category","embeddable":true,"href":"https:\/\/radiotemuco.com\/home\/wp-json\/wp\/v2\/categories?post=27475"},{"taxonomy":"post_tag","embeddable":true,"href":"https:\/\/radiotemuco.com\/home\/wp-json\/wp\/v2\/tags?post=27475"}],"curies":[{"name":"wp","href":"https:\/\/api.w.org\/{rel}","templated":true}]}}