{"id":27461,"date":"2026-09-01T10:55:17","date_gmt":"2026-09-01T10:55:17","guid":{"rendered":"https:\/\/radiotemuco.com\/home\/?p=27461"},"modified":"2026-09-01T10:55:17","modified_gmt":"2026-09-01T10:55:17","slug":"ministerio-del-medio-ambiente-abre-las-postulaciones-al-fondo-de-proteccion-ambiental-2027","status":"publish","type":"post","link":"https:\/\/radiotemuco.com\/home\/ministerio-del-medio-ambiente-abre-las-postulaciones-al-fondo-de-proteccion-ambiental-2027\/","title":{"rendered":"Ministerio del Medio Ambiente abre las postulaciones al Fondo de Protecci\u00f3n Ambiental 2027"},"content":{"rendered":"<p>El Ministerio del Medio Ambiente anunci\u00f3 la apertura del proceso de postulaci\u00f3n al 30\u00b0 Concurso del Fondo de Protecci\u00f3n Ambiental (FPA) para el a\u00f1o 2027.<\/p>\n<p>El Fondo de Protecci\u00f3n Ambiental, es el primer y \u00fanico fondo concursable de car\u00e1cter ambiental con que cuenta el Estado de Chile para financiar total o parcialmente proyectos o actividades orientados a la protecci\u00f3n o reparaci\u00f3n del medio ambiente, el desarrollo sustentable, la preservaci\u00f3n de la naturaleza o la conservaci\u00f3n del patrimonio ambiental.<\/p>\n<p>Los proyectos que se postulen podr\u00e1n abordar l\u00edneas de acci\u00f3n tales como cambio clim\u00e1tico, econom\u00eda circular, conservaci\u00f3n de la biodiversidad, as\u00ed como eficiencia energ\u00e9tica y proyectos de energ\u00edas renovables. Todas las iniciativas deber\u00e1n incluir la educaci\u00f3n ambiental como pilar transversal, con el objeto de que sea la misma organizaci\u00f3n beneficiaria la que contribuya a promover una cultura ambiental en su propio entorno.<\/p>\n<p>Este fondo se encuentra conmemorando tres d\u00e9cadas de trayectoria. El FPA fue creado bajo el alero de la Ley N\u00b0 19.300 sobre Bases Generales del Medio Ambiente, a la fecha ha financiado 4.147 iniciativas comunitarias a nivel nacional, con una inversi\u00f3n acumulada superior a los $24.000 millones y presencia en el 95% de las comunas del pa\u00eds.<\/p>\n<p>La regi\u00f3n de La Araucan\u00eda, en la \u00faltima convocatoria del 2026, lidera a nivel nacional con 28 proyectos adjudicados y una inversi\u00f3n de $168.000.000.<\/p>\n<p>\u201cQueremos invitar a las organizaciones de La Araucan\u00eda, a las juntas de vecinos, comunidades ind\u00edgenas, clubes deportivos y establecimientos educacionales, a que presenten sus iniciativas. La protecci\u00f3n del medio ambiente tambi\u00e9n nace desde las soluciones concretas que provienen desde la ciudadan\u00eda\u201d, declar\u00f3 la Seremi del Medio Ambiente, Paula Castillo Castilla.<\/p>\n<p><strong>LINEAS DE CONCURSO <\/strong><\/p>\n<p>El FPA cuenta con tres l\u00edneas de concurso abiertas: proyectos para pueblos ind\u00edgenas, dirigido a comunidades y asociaciones ind\u00edgenas reconocidas por CONADI, proyectos ciudadanos, orientado a personas jur\u00eddicas de derecho privado sin fines de lucro y proyectos para establecimientos educacionales, destinado a Centros de Padres, Madres y Apoderados\/as.<\/p>\n<p>Las bases y postulaciones se \u00a0pueden efectuar en el sitio web\u00a0<a href=\"https:\/\/fondos.mma.gob.cl\/\">https:\/\/fondos.mma.gob.cl\/<\/a>, hasta el d\u00eda 14 de octubre de 2026 a las 14:00 hrs (horario de Chile Continental).<\/p>\n","protected":false},"excerpt":{"rendered":"<p>El Ministerio del Medio Ambiente anunci\u00f3 la apertura del proceso de postulaci\u00f3n al 30\u00b0 Concurso del Fondo de Protecci\u00f3n Ambiental (FPA) para el a\u00f1o 2027. El Fondo de Protecci\u00f3n Ambiental, es el primer y \u00fanico fondo concursable de car\u00e1cter ambiental con que cuenta el Estado de Chile para financiar total o parcialmente proyectos o actividades [&hellip;]<\/p>\n","protected":false},"author":2,"featured_media":27462,"comment_status":"closed","ping_status":"open","sticky":false,"template":"","format":"standard","meta":{"_monsterinsights_skip_tracking":false,"_jetpack_newsletter_access":"","_jetpack_dont_email_post_to_subs":false,"_jetpack_newsletter_tier_id":0,"_jetpack_memberships_contains_paywalled_content":false,"_jetpack_memberships_contains_paid_content":false,"footnotes":""},"categories":[8,7,2],"tags":[],"class_list":["post-27461","post","type-post","status-publish","format-standard","has-post-thumbnail","hentry","category-internacional","category-nacional","category-regionales"],"jetpack_featured_media_url":"https:\/\/radiotemuco.com\/home\/wp-content\/uploads\/2026\/09\/WhatsApp-Image-2026-08-31-at-18.03.06.jpeg","jetpack_sharing_enabled":true,"_links":{"self":[{"href":"https:\/\/radiotemuco.com\/home\/wp-json\/wp\/v2\/posts\/27461","targetHints":{"allow":["GET"]}}],"collection":[{"href":"https:\/\/radiotemuco.com\/home\/wp-json\/wp\/v2\/posts"}],"about":[{"href":"https:\/\/radiotemuco.com\/home\/wp-json\/wp\/v2\/types\/post"}],"author":[{"embeddable":true,"href":"https:\/\/radiotemuco.com\/home\/wp-json\/wp\/v2\/users\/2"}],"replies":[{"embeddable":true,"href":"https:\/\/radiotemuco.com\/home\/wp-json\/wp\/v2\/comments?post=27461"}],"version-history":[{"count":1,"href":"https:\/\/radiotemuco.com\/home\/wp-json\/wp\/v2\/posts\/27461\/revisions"}],"predecessor-version":[{"id":27463,"href":"https:\/\/radiotemuco.com\/home\/wp-json\/wp\/v2\/posts\/27461\/revisions\/27463"}],"wp:featuredmedia":[{"embeddable":true,"href":"https:\/\/radiotemuco.com\/home\/wp-json\/wp\/v2\/media\/27462"}],"wp:attachment":[{"href":"https:\/\/radiotemuco.com\/home\/wp-json\/wp\/v2\/media?parent=27461"}],"wp:term":[{"taxonomy":"category","embeddable":true,"href":"https:\/\/radiotemuco.com\/home\/wp-json\/wp\/v2\/categories?post=27461"},{"taxonomy":"post_tag","embeddable":true,"href":"https:\/\/radiotemuco.com\/home\/wp-json\/wp\/v2\/tags?post=27461"}],"curies":[{"name":"wp","href":"https:\/\/api.w.org\/{rel}","templated":true}]}}