{"id":27457,"date":"2026-09-01T10:49:25","date_gmt":"2026-09-01T10:49:25","guid":{"rendered":"https:\/\/radiotemuco.com\/home\/?p=27457"},"modified":"2026-09-01T10:49:25","modified_gmt":"2026-09-01T10:49:25","slug":"columna-de-opinion-pensar-por-javier-huilinir-curio-docente-santo-tomas-temuco","status":"publish","type":"post","link":"https:\/\/radiotemuco.com\/home\/columna-de-opinion-pensar-por-javier-huilinir-curio-docente-santo-tomas-temuco\/","title":{"rendered":"Columna de opini\u00f3n: &#8220;\u00bfPensar?&#8221; por Javier Huili\u00f1ir Cur\u00edo Docente Santo Tom\u00e1s Temuco"},"content":{"rendered":"<p>En m\u00e1s de alguna ocasi\u00f3n hemos dicho: \u201cespera un poco que estoy pensando\u201d o \u201csabes, necesito pensar un poco\u201d. Estas frases que est\u00e1n presentes en nuestro diario vivir tienen como objetivo hacer \u00e9nfasis en la acci\u00f3n humana de pensar, pero \u00bfQu\u00e9 es pensar? Desde mi punto de vista no parece antojadizo por decirlo de alguna forma o un sin-sentido poder posibilitar esta pregunta, puesto que, el acto de pensar es una invitaci\u00f3n constante de examinar lo que nos rodea, as\u00ed como tambi\u00e9n, comprender la vida misma.<\/p>\n<p>Al respecto el diccionario de filosof\u00eda realizado por Jos\u00e9 Ferrater Mora, menciona que: \u201cuna definici\u00f3n general del pensar es: el pensar es un acto ps\u00edquico que tiene lugar en el tiempo, que es formulado por un sujeto (pensante) y que aprehende un pensamiento, el cual se refiere a su vez a una situaci\u00f3n objetiva\u201d \u00bfqu\u00e9 quiere significar lo anterior? Una de sus interpretaciones es situar el acto de pensar bajo la necesidad de un est\u00edmulo, es decir, algo que provoque y active al sujeto pensante, sin esta activaci\u00f3n, ser\u00e1 complejo que las personas podamos generar esta acci\u00f3n. Ahora bien \u00bfc\u00f3mo puede producirse esta activaci\u00f3n en el ser humano? Una posibilidad concreta es por medio del asombro, lugar donde nuestros sentidos externos (visi\u00f3n, tacto, gusto, audici\u00f3n y olfato) entran en contacto con las cosas que nos rodea y podemos detenernos en ese <em>algo que nos llama la atenci\u00f3n<\/em>. En efecto, es necesario activar el asombro, para luego, comenzar a elaborar <em>diferentes preguntas<\/em> \u00a0y obtener as\u00ed, distintos aprendizajes desde las m\u00faltiples preguntas que podamos formular (\u00bfc\u00f3mo habr\u00e1n compuesto esa canci\u00f3n? \u00bfqu\u00e9 ingredientes tendr\u00e1 esa comida? \u00bfpor qu\u00e9 las personas pensamos distinto?\u00a0 \u00bfCu\u00e1les son mis colores favoritos?) gener\u00e1ndose el acto de pensar. Un detalle importante en esta definici\u00f3n, es que palabra aprender est\u00e1 con la letra h \u00bfpor qu\u00e9? Porque este aprehender est\u00e1 directamente vinculado con nuestros sentidos para luego conducirnos a la raz\u00f3n, a ese estadio m\u00e1s l\u00f3gico, donde por medio de las preguntas comenzamos a comprender aquello que nos asombr\u00f3.<\/p>\n<p>Por lo tanto, no dejemos de pensar, porque cada vez que estamos pensando, es porque algo nos ha asombrado y por tanto, aparecen muchas preguntas que tienen como objetivo aprehender sobre ese algo que queremos conocer, comprender y analizar, sin olvidar, que nuestras preguntas son a veces m\u00e1s importantes que las respuestas.<\/p>\n","protected":false},"excerpt":{"rendered":"<p>En m\u00e1s de alguna ocasi\u00f3n hemos dicho: \u201cespera un poco que estoy pensando\u201d o \u201csabes, necesito pensar un poco\u201d. Estas frases que est\u00e1n presentes en nuestro diario vivir tienen como objetivo hacer \u00e9nfasis en la acci\u00f3n humana de pensar, pero \u00bfQu\u00e9 es pensar? Desde mi punto de vista no parece antojadizo por decirlo de alguna [&hellip;]<\/p>\n","protected":false},"author":2,"featured_media":27458,"comment_status":"closed","ping_status":"open","sticky":false,"template":"","format":"standard","meta":{"_monsterinsights_skip_tracking":false,"_jetpack_newsletter_access":"","_jetpack_dont_email_post_to_subs":false,"_jetpack_newsletter_tier_id":0,"_jetpack_memberships_contains_paywalled_content":false,"_jetpack_memberships_contains_paid_content":false,"footnotes":""},"categories":[8,7,2],"tags":[],"class_list":["post-27457","post","type-post","status-publish","format-standard","has-post-thumbnail","hentry","category-internacional","category-nacional","category-regionales"],"jetpack_featured_media_url":"https:\/\/radiotemuco.com\/home\/wp-content\/uploads\/2026\/09\/Javier-H.jpeg","jetpack_sharing_enabled":true,"_links":{"self":[{"href":"https:\/\/radiotemuco.com\/home\/wp-json\/wp\/v2\/posts\/27457","targetHints":{"allow":["GET"]}}],"collection":[{"href":"https:\/\/radiotemuco.com\/home\/wp-json\/wp\/v2\/posts"}],"about":[{"href":"https:\/\/radiotemuco.com\/home\/wp-json\/wp\/v2\/types\/post"}],"author":[{"embeddable":true,"href":"https:\/\/radiotemuco.com\/home\/wp-json\/wp\/v2\/users\/2"}],"replies":[{"embeddable":true,"href":"https:\/\/radiotemuco.com\/home\/wp-json\/wp\/v2\/comments?post=27457"}],"version-history":[{"count":1,"href":"https:\/\/radiotemuco.com\/home\/wp-json\/wp\/v2\/posts\/27457\/revisions"}],"predecessor-version":[{"id":27459,"href":"https:\/\/radiotemuco.com\/home\/wp-json\/wp\/v2\/posts\/27457\/revisions\/27459"}],"wp:featuredmedia":[{"embeddable":true,"href":"https:\/\/radiotemuco.com\/home\/wp-json\/wp\/v2\/media\/27458"}],"wp:attachment":[{"href":"https:\/\/radiotemuco.com\/home\/wp-json\/wp\/v2\/media?parent=27457"}],"wp:term":[{"taxonomy":"category","embeddable":true,"href":"https:\/\/radiotemuco.com\/home\/wp-json\/wp\/v2\/categories?post=27457"},{"taxonomy":"post_tag","embeddable":true,"href":"https:\/\/radiotemuco.com\/home\/wp-json\/wp\/v2\/tags?post=27457"}],"curies":[{"name":"wp","href":"https:\/\/api.w.org\/{rel}","templated":true}]}}