{"id":27449,"date":"2026-09-01T10:22:10","date_gmt":"2026-09-01T10:22:10","guid":{"rendered":"https:\/\/radiotemuco.com\/home\/?p=27449"},"modified":"2026-09-01T10:22:10","modified_gmt":"2026-09-01T10:22:10","slug":"mineduc-destina-cerca-de-8-mil-millones-de-pesos-a-la-araucania-para-impulsar-mejoras-en-la-educacion-publica","status":"publish","type":"post","link":"https:\/\/radiotemuco.com\/home\/mineduc-destina-cerca-de-8-mil-millones-de-pesos-a-la-araucania-para-impulsar-mejoras-en-la-educacion-publica\/","title":{"rendered":"Mineduc destina cerca de 8 mil millones de pesos a La Araucan\u00eda para impulsar mejoras en la educaci\u00f3n p\u00fablica"},"content":{"rendered":"<div>La Secretar\u00eda Regional Ministerial de Educaci\u00f3n de La Araucan\u00eda inform\u00f3 la adjudicaci\u00f3n de $7.986.566.644 correspondientes al Fondo de Apoyo a la Educaci\u00f3n P\u00fablica (FAEP) 2026, recursos distribuidos por la Direcci\u00f3n de Educaci\u00f3n P\u00fablica para fortalecer la gesti\u00f3n educativa, apoyar el funcionamiento de los establecimientos municipales y financiar iniciativas de mejoramiento en infraestructura, equipamiento y procesos pedag\u00f3gicos.<\/div>\n<div><\/div>\n<div>Las comunas de la regi\u00f3n que reciben los mayores montos de financiamiento son Temuco, con $1.315.614.292; Angol, con $572.019.823; Lautaro, con $499.786.485; Victoria, con $413.860.563; y Villarrica, con $382.176.595. Estos recursos permitir\u00e1n a los sostenedores continuar fortaleciendo las condiciones para el desarrollo de trayectorias educativas de calidad en los establecimientos p\u00fablicos de la regi\u00f3n.<\/div>\n<div><\/div>\n<div>El seremi de Educaci\u00f3n, Aaron R\u00edos Morales, valor\u00f3 la asignaci\u00f3n se\u00f1alando que\u00a0<b><i>\u201cesta distribuci\u00f3n representa un respaldo concreto al fortalecimiento de la educaci\u00f3n p\u00fablica en nuestra regi\u00f3n. Este a\u00f1o La Araucan\u00eda recibe recursos superiores a los del a\u00f1o 2025, lo que permitir\u00e1 a los municipios avanzar con mayor fuerza en proyectos de mejoramiento de infraestructura, equipamiento y gesti\u00f3n educativa, beneficiando directamente a m\u00e1s de 66 mil estudiantes y 383 establecimientos educacionales\u201d.<\/i><\/b><\/div>\n<div><\/div>\n<div>La autoridad agreg\u00f3 que estos fondos constituyen una herramienta estrat\u00e9gica para seguir impulsando una educaci\u00f3n p\u00fablica m\u00e1s robusta, inclusiva y con mejores oportunidades para los ni\u00f1os, ni\u00f1as y j\u00f3venes de La Araucan\u00eda.<\/div>\n<div><\/div>\n<div>El FAEP es una iniciativa del Ministerio de Educaci\u00f3n destinada a apoyar a los sostenedores municipales en el mejoramiento continuo del servicio educativo, contribuyendo al fortalecimiento y revitalizaci\u00f3n de la educaci\u00f3n p\u00fablica en todo el pa\u00eds.<\/div>\n","protected":false},"excerpt":{"rendered":"<p>La Secretar\u00eda Regional Ministerial de Educaci\u00f3n de La Araucan\u00eda inform\u00f3 la adjudicaci\u00f3n de $7.986.566.644 correspondientes al Fondo de Apoyo a la Educaci\u00f3n P\u00fablica (FAEP) 2026, recursos distribuidos por la Direcci\u00f3n de Educaci\u00f3n P\u00fablica para fortalecer la gesti\u00f3n educativa, apoyar el funcionamiento de los establecimientos municipales y financiar iniciativas de mejoramiento en infraestructura, equipamiento y procesos [&hellip;]<\/p>\n","protected":false},"author":2,"featured_media":27450,"comment_status":"closed","ping_status":"open","sticky":false,"template":"","format":"standard","meta":{"_monsterinsights_skip_tracking":false,"_jetpack_newsletter_access":"","_jetpack_dont_email_post_to_subs":false,"_jetpack_newsletter_tier_id":0,"_jetpack_memberships_contains_paywalled_content":false,"_jetpack_memberships_contains_paid_content":false,"footnotes":""},"categories":[8,7,2],"tags":[],"class_list":["post-27449","post","type-post","status-publish","format-standard","has-post-thumbnail","hentry","category-internacional","category-nacional","category-regionales"],"jetpack_featured_media_url":"https:\/\/radiotemuco.com\/home\/wp-content\/uploads\/2026\/09\/20260515_110635-scaled.jpg","jetpack_sharing_enabled":true,"_links":{"self":[{"href":"https:\/\/radiotemuco.com\/home\/wp-json\/wp\/v2\/posts\/27449","targetHints":{"allow":["GET"]}}],"collection":[{"href":"https:\/\/radiotemuco.com\/home\/wp-json\/wp\/v2\/posts"}],"about":[{"href":"https:\/\/radiotemuco.com\/home\/wp-json\/wp\/v2\/types\/post"}],"author":[{"embeddable":true,"href":"https:\/\/radiotemuco.com\/home\/wp-json\/wp\/v2\/users\/2"}],"replies":[{"embeddable":true,"href":"https:\/\/radiotemuco.com\/home\/wp-json\/wp\/v2\/comments?post=27449"}],"version-history":[{"count":1,"href":"https:\/\/radiotemuco.com\/home\/wp-json\/wp\/v2\/posts\/27449\/revisions"}],"predecessor-version":[{"id":27451,"href":"https:\/\/radiotemuco.com\/home\/wp-json\/wp\/v2\/posts\/27449\/revisions\/27451"}],"wp:featuredmedia":[{"embeddable":true,"href":"https:\/\/radiotemuco.com\/home\/wp-json\/wp\/v2\/media\/27450"}],"wp:attachment":[{"href":"https:\/\/radiotemuco.com\/home\/wp-json\/wp\/v2\/media?parent=27449"}],"wp:term":[{"taxonomy":"category","embeddable":true,"href":"https:\/\/radiotemuco.com\/home\/wp-json\/wp\/v2\/categories?post=27449"},{"taxonomy":"post_tag","embeddable":true,"href":"https:\/\/radiotemuco.com\/home\/wp-json\/wp\/v2\/tags?post=27449"}],"curies":[{"name":"wp","href":"https:\/\/api.w.org\/{rel}","templated":true}]}}