{"id":27440,"date":"2026-08-31T10:13:27","date_gmt":"2026-08-31T10:13:27","guid":{"rendered":"https:\/\/radiotemuco.com\/home\/?p=27440"},"modified":"2026-08-31T10:13:27","modified_gmt":"2026-08-31T10:13:27","slug":"temuco-le-gano-a-deportes-puerto-montt-en-el-becker","status":"publish","type":"post","link":"https:\/\/radiotemuco.com\/home\/temuco-le-gano-a-deportes-puerto-montt-en-el-becker\/","title":{"rendered":"Temuco le gan\u00f3 a Deportes Puerto Montt en el Becker"},"content":{"rendered":"<p>En una tarde de domingo con un aguacero de esos de agosto el albiverde consigui\u00f3 derrotar a Puerto Montt por 3 goles a 1 en el estadio Germ\u00e1n Becker.<\/p>\n<p><strong>Deportes Temuco<\/strong> remont\u00f3 ante\u00a0<strong>Puerto Montt<\/strong> ya que el elenco del sur comenz\u00f3 ganando el partido. El cuadro albiverde se impuso por 3 a 1 y lleg\u00f3 a 28 unidades, dos menos que San Marcos de Arica, conjunto que se sit\u00faa octavo y es hoy, el \u00faltimo que est\u00e1 entrenando\u00a0 a la postemporada.<\/p>\n<p>La tarea no fue para nada sencilla. Temuco tuvo el bal\u00f3n en la primera mitad pero se fue en desventaja al descanso. La primera mitad se iba cuando un centro de Gabriel Castillo encontr\u00f3 a Richard Paredes, quien de primera la coloc\u00f3 en un rinc\u00f3n imposible para Yerko Urra.<\/p>\n<p>De cara al complemento, Emiliano Astorga movi\u00f3 la pizarra y mand\u00f3 a la cancha a Diego Buonanotte y Brayan Valdivia. Adem\u00e1s, situ\u00f3 en el centro del ataque a Felipe Reynero, lo que le dar\u00eda r\u00e9ditos ya que en los 49\u2032, Reynero anot\u00f3 el 1-1.<\/p>\n<p>Ya en los 57\u2032 de partido llegar\u00eda el 2 a 1: Reynero pivote\u00f3 un tiro libre y apareci\u00f3 Luis Casanova quien remat\u00f3 de primera al palo izquierdo de Ureta para el 2 a 1. Puerto Montt no encontraba respuestas y sufri\u00f3 otro golpe en los 73\u2032, cuando Buonanotte cambi\u00f3 por gol, un penal cometido por Ariel Morales al propio Buonanotte.<\/p>\n<p>Luego del 3 a 1, el partido como expresi\u00f3n de lucha se acab\u00f3 e incluso Temuco tuvo otro penal, tras falta de Mancilla sobre Valdivia, que adem\u00e1s le cost\u00f3 la expulsi\u00f3n al zaguero, pero Camilo N\u00fa\u00f1ez ejecut\u00f3 mal y la mand\u00f3 fuera.<\/p>\n<p>&nbsp;<\/p>\n","protected":false},"excerpt":{"rendered":"<p>En una tarde de domingo con un aguacero de esos de agosto el albiverde consigui\u00f3 derrotar a Puerto Montt por 3 goles a 1 en el estadio Germ\u00e1n Becker. Deportes Temuco remont\u00f3 ante\u00a0Puerto Montt ya que el elenco del sur comenz\u00f3 ganando el partido. El cuadro albiverde se impuso por 3 a 1 y lleg\u00f3 [&hellip;]<\/p>\n","protected":false},"author":2,"featured_media":27441,"comment_status":"closed","ping_status":"open","sticky":false,"template":"","format":"standard","meta":{"_monsterinsights_skip_tracking":false,"_jetpack_newsletter_access":"","_jetpack_dont_email_post_to_subs":false,"_jetpack_newsletter_tier_id":0,"_jetpack_memberships_contains_paywalled_content":false,"_jetpack_memberships_contains_paid_content":false,"footnotes":""},"categories":[3,8,7,2],"tags":[],"class_list":["post-27440","post","type-post","status-publish","format-standard","has-post-thumbnail","hentry","category-deportivas","category-internacional","category-nacional","category-regionales"],"jetpack_featured_media_url":"https:\/\/radiotemuco.com\/home\/wp-content\/uploads\/2026\/08\/WhatsApp-Image-2026-08-31-at-06.04.05.jpeg","jetpack_sharing_enabled":true,"_links":{"self":[{"href":"https:\/\/radiotemuco.com\/home\/wp-json\/wp\/v2\/posts\/27440","targetHints":{"allow":["GET"]}}],"collection":[{"href":"https:\/\/radiotemuco.com\/home\/wp-json\/wp\/v2\/posts"}],"about":[{"href":"https:\/\/radiotemuco.com\/home\/wp-json\/wp\/v2\/types\/post"}],"author":[{"embeddable":true,"href":"https:\/\/radiotemuco.com\/home\/wp-json\/wp\/v2\/users\/2"}],"replies":[{"embeddable":true,"href":"https:\/\/radiotemuco.com\/home\/wp-json\/wp\/v2\/comments?post=27440"}],"version-history":[{"count":1,"href":"https:\/\/radiotemuco.com\/home\/wp-json\/wp\/v2\/posts\/27440\/revisions"}],"predecessor-version":[{"id":27442,"href":"https:\/\/radiotemuco.com\/home\/wp-json\/wp\/v2\/posts\/27440\/revisions\/27442"}],"wp:featuredmedia":[{"embeddable":true,"href":"https:\/\/radiotemuco.com\/home\/wp-json\/wp\/v2\/media\/27441"}],"wp:attachment":[{"href":"https:\/\/radiotemuco.com\/home\/wp-json\/wp\/v2\/media?parent=27440"}],"wp:term":[{"taxonomy":"category","embeddable":true,"href":"https:\/\/radiotemuco.com\/home\/wp-json\/wp\/v2\/categories?post=27440"},{"taxonomy":"post_tag","embeddable":true,"href":"https:\/\/radiotemuco.com\/home\/wp-json\/wp\/v2\/tags?post=27440"}],"curies":[{"name":"wp","href":"https:\/\/api.w.org\/{rel}","templated":true}]}}