{"id":27435,"date":"2026-08-29T13:47:28","date_gmt":"2026-08-29T13:47:28","guid":{"rendered":"https:\/\/radiotemuco.com\/home\/?p=27435"},"modified":"2026-08-29T13:47:28","modified_gmt":"2026-08-29T13:47:28","slug":"con-el-juego-como-protagonista-integra-araucania-celebro-el-mes-de-la-ninez","status":"publish","type":"post","link":"https:\/\/radiotemuco.com\/home\/con-el-juego-como-protagonista-integra-araucania-celebro-el-mes-de-la-ninez\/","title":{"rendered":"Con el juego como protagonista, Integra Araucan\u00eda celebr\u00f3 el Mes de la Ni\u00f1ez"},"content":{"rendered":"<p>Con risas, colores y muchas oportunidades para jugar, ni\u00f1as y ni\u00f1os de salas cuna y jardines infantiles de Fundaci\u00f3n Integra en Curacaut\u00edn dieron vida a la celebraci\u00f3n del Mes de la Ni\u00f1ez 2026, desarrollada en el Centro Integral del Adulto Mayor (CIAM) de la comuna.<\/p>\n<p>Bajo el lema \u00a1Jugar es aprender para toda la vida!, la jornada tuvo como prop\u00f3sito relevar el juego como un derecho esencial de la ni\u00f1ez y como una experiencia que favorece la ense\u00f1anza, el bienestar y el desarrollo integral. Sin duda, una celebraci\u00f3n especialmente pensada para disfrutar, explorar y aprender junto a otros.<\/p>\n<p>La actividad reuni\u00f3 a las comunidades educativas de la comuna: sala cuna Las Ra\u00edces y los jardines infantiles Pehuencito, Padre Juan y Princesita, junto a familias, representantes de redes locales y autoridades, generando un espacio de encuentro en torno a la importancia de acompa\u00f1ar a ni\u00f1as y ni\u00f1os durante sus primeros a\u00f1os, reconociendo sus intereses, necesidades y particularidades.<\/p>\n<p><strong>EXPERIENCIAS L\u00daDICAS Y PARTICIPATIVAS<\/strong><\/p>\n<p>A trav\u00e9s de diversas experiencias l\u00fadicas y participativas, madres, padres y adultos tambi\u00e9n tuvieron la oportunidad de reconectar con su propia ni\u00f1ez y descubrir el valor de jugar junto a sus hijos e hijas, fortaleciendo los v\u00ednculos y relevando el rol de los adultos en los procesos de crianza y aprendizaje.<\/p>\n<p>Para el director regional de Integra Araucan\u00eda, Rodrigo Neira Sep\u00falveda, esta celebraci\u00f3n permiti\u00f3 llevar a la pr\u00e1ctica el sentido del lema que acompa\u00f1\u00f3 la jornada, generando experiencias donde el aprendizaje y la diversi\u00f3n se encontraron de manera natural.<\/p>\n<p>\u201cJugar es aprender para toda la vida y lo quisimos representar a trav\u00e9s de actividades creativas y l\u00fadicas con ni\u00f1as, ni\u00f1os y familias de la comuna de Curacaut\u00edn\u201d, se\u00f1al\u00f3 el director regional, quien adem\u00e1s destac\u00f3 el compromiso de los equipos educativos que hicieron posible este encuentro.<\/p>\n<p>&nbsp;<\/p>\n<p>La jornada cont\u00f3 tambi\u00e9n con la participaci\u00f3n del seremi de Educaci\u00f3n de La Araucan\u00eda, Aaron R\u00edos Morales, quien valor\u00f3 el trabajo que Fundaci\u00f3n Integra desarrolla en el territorio y la posibilidad de reunir a las familias en torno a experiencias significativas para ni\u00f1as y ni\u00f1os. \u201cQueremos felicitar a Integra por el tremendo trabajo que ha hecho, fortaleciendo el aprendizaje desde la ni\u00f1ez\u201d, destac\u00f3 la autoridad, agregando que la actividad en Curacaut\u00edn \u201cha reunido a todas las familias en torno a aprender divirti\u00e9ndonos\u201d.<\/p>\n<p>El encuentro tuvo adem\u00e1s una especial valoraci\u00f3n por parte de las familias. Mar\u00eda Paz Romero, apoderada participante, destac\u00f3 la posibilidad de compartir y disfrutar junto a sus hijas e hijos, calificando la experiencia como \u201cuna actividad hermosa, donde nos unimos como familia\u201d. Asimismo, agradeci\u00f3 a Fundaci\u00f3n Integra y a los equipos educativos por generar este tipo de instancias, que permiten cerrar las celebraciones del Mes de la Ni\u00f1ez compartiendo y disfrutando en comunidad.<\/p>\n<p><strong>COMPROMISO CON LA EDUCACI\u00d3N INICIAL <\/strong><\/p>\n<p>M\u00e1s all\u00e1 de la celebraci\u00f3n, la jornada fue tambi\u00e9n una oportunidad para reconocer el compromiso cotidiano de educadoras, agentes educativas y equipos de los establecimientos de Curacaut\u00edn, quienes acompa\u00f1an a ni\u00f1as y ni\u00f1os en sus procesos de aprendizaje y desarrollo, generando ambientes donde puedan expresarse, explorar y aprender a trav\u00e9s del juego.<\/p>\n<p>As\u00ed, entre momentos l\u00fadicos y aprendizajes compartidos en familia, Integra cerr\u00f3 la celebraci\u00f3n del Mes de la Ni\u00f1ez 2026 con un mensaje que resume el esp\u00edritu de la jornada: cuando ni\u00f1as y ni\u00f1os juegan, tambi\u00e9n aprenden, crean, descubren y construyen v\u00ednculos. Porque jugar es aprender para toda la vida.<\/p>\n","protected":false},"excerpt":{"rendered":"<p>Con risas, colores y muchas oportunidades para jugar, ni\u00f1as y ni\u00f1os de salas cuna y jardines infantiles de Fundaci\u00f3n Integra en Curacaut\u00edn dieron vida a la celebraci\u00f3n del Mes de la Ni\u00f1ez 2026, desarrollada en el Centro Integral del Adulto Mayor (CIAM) de la comuna. Bajo el lema \u00a1Jugar es aprender para toda la vida!, [&hellip;]<\/p>\n","protected":false},"author":2,"featured_media":27436,"comment_status":"closed","ping_status":"open","sticky":false,"template":"","format":"standard","meta":{"_monsterinsights_skip_tracking":false,"_jetpack_newsletter_access":"","_jetpack_dont_email_post_to_subs":false,"_jetpack_newsletter_tier_id":0,"_jetpack_memberships_contains_paywalled_content":false,"_jetpack_memberships_contains_paid_content":false,"footnotes":""},"categories":[8,7,2],"tags":[],"class_list":["post-27435","post","type-post","status-publish","format-standard","has-post-thumbnail","hentry","category-internacional","category-nacional","category-regionales"],"jetpack_featured_media_url":"https:\/\/radiotemuco.com\/home\/wp-content\/uploads\/2026\/08\/6.jpg-scaled.jpeg","jetpack_sharing_enabled":true,"_links":{"self":[{"href":"https:\/\/radiotemuco.com\/home\/wp-json\/wp\/v2\/posts\/27435","targetHints":{"allow":["GET"]}}],"collection":[{"href":"https:\/\/radiotemuco.com\/home\/wp-json\/wp\/v2\/posts"}],"about":[{"href":"https:\/\/radiotemuco.com\/home\/wp-json\/wp\/v2\/types\/post"}],"author":[{"embeddable":true,"href":"https:\/\/radiotemuco.com\/home\/wp-json\/wp\/v2\/users\/2"}],"replies":[{"embeddable":true,"href":"https:\/\/radiotemuco.com\/home\/wp-json\/wp\/v2\/comments?post=27435"}],"version-history":[{"count":1,"href":"https:\/\/radiotemuco.com\/home\/wp-json\/wp\/v2\/posts\/27435\/revisions"}],"predecessor-version":[{"id":27437,"href":"https:\/\/radiotemuco.com\/home\/wp-json\/wp\/v2\/posts\/27435\/revisions\/27437"}],"wp:featuredmedia":[{"embeddable":true,"href":"https:\/\/radiotemuco.com\/home\/wp-json\/wp\/v2\/media\/27436"}],"wp:attachment":[{"href":"https:\/\/radiotemuco.com\/home\/wp-json\/wp\/v2\/media?parent=27435"}],"wp:term":[{"taxonomy":"category","embeddable":true,"href":"https:\/\/radiotemuco.com\/home\/wp-json\/wp\/v2\/categories?post=27435"},{"taxonomy":"post_tag","embeddable":true,"href":"https:\/\/radiotemuco.com\/home\/wp-json\/wp\/v2\/tags?post=27435"}],"curies":[{"name":"wp","href":"https:\/\/api.w.org\/{rel}","templated":true}]}}