{"id":27431,"date":"2026-08-29T13:44:52","date_gmt":"2026-08-29T13:44:52","guid":{"rendered":"https:\/\/radiotemuco.com\/home\/?p=27431"},"modified":"2026-08-29T13:44:52","modified_gmt":"2026-08-29T13:44:52","slug":"pdi-detiene-en-victoria-a-sujeto-que-se-encontraba-profugo-tras-fuga-desde-juzgado-de-garantia","status":"publish","type":"post","link":"https:\/\/radiotemuco.com\/home\/pdi-detiene-en-victoria-a-sujeto-que-se-encontraba-profugo-tras-fuga-desde-juzgado-de-garantia\/","title":{"rendered":"PDI detiene en Victoria a sujeto que se encontraba pr\u00f3fugo tras fuga desde Juzgado de Garant\u00eda"},"content":{"rendered":"<p>Un trabajo investigativo desarrollado por detectives de la Brigada de Investigaci\u00f3n Criminal (BICRIM) Victoria permiti\u00f3 detener a un hombre de 25 a\u00f1os que se encontraba pr\u00f3fugo de la justicia, luego de haberse fugado desde el Juzgado de Garant\u00eda de esa comuna.<\/p>\n<p>El detenido, quien manten\u00eda una orden de detenci\u00f3n por el delito de porte y tenencia de armas de fuego y munici\u00f3n, en el marco de una investigaci\u00f3n por infracci\u00f3n a la Ley N\u00b017.798 de Control de Armas.<\/p>\n<p>Tras la fuga, detectives de la BICRIM Victoria desarrollaron diversas diligencias investigativas, que incluyeron an\u00e1lisis de informaci\u00f3n e inteligencia policial, logrando establecer que el requerido se manten\u00eda oculto al interior de una comunidad mapuche de la comuna de Victoria, junto a familiares.<\/p>\n<p>Con estos antecedentes y en coordinaci\u00f3n con la Fiscal\u00eda Local de Victoria, se gestionaron \u00f3rdenes de entrada y registro para seis inmuebles ubicados en el sector, diligencias que fueron materializadas durante la madrugada de este viernes.<\/p>\n<p>El operativo cont\u00f3 con la participaci\u00f3n de detectives de la BICRIM Victoria, Brigada de Reacci\u00f3n T\u00e1ctica (BRT) Temuco, BICRIM Traigu\u00e9n, BIRO Angol, BICRIM Angol y BRIANCO Angol, quienes desplegaron el procedimiento simult\u00e1neamente en los distintos domicilios.<\/p>\n<p>Durante las diligencias, los detectives lograron ubicar al sujeto al interior de uno de los inmuebles, donde se encontraba oculto, siendo detenido y posteriormente trasladado hasta dependencias de la BICRIM Victoria.<\/p>\n<p>En el procedimiento se desarroll\u00f3 sin incidentes ni funcionarios lesionados, destacando el trabajo investigativo previo que permiti\u00f3 determinar el lugar donde se encontraba el requerido.<\/p>\n<p>El detenido ser\u00e1 puesto durante esta jornada a disposici\u00f3n del Juzgado de Garant\u00eda de Victoria para el correspondiente control de detenci\u00f3n, quedando a disposici\u00f3n de la justicia.<\/p>\n","protected":false},"excerpt":{"rendered":"<p>Un trabajo investigativo desarrollado por detectives de la Brigada de Investigaci\u00f3n Criminal (BICRIM) Victoria permiti\u00f3 detener a un hombre de 25 a\u00f1os que se encontraba pr\u00f3fugo de la justicia, luego de haberse fugado desde el Juzgado de Garant\u00eda de esa comuna. El detenido, quien manten\u00eda una orden de detenci\u00f3n por el delito de porte y [&hellip;]<\/p>\n","protected":false},"author":2,"featured_media":27432,"comment_status":"closed","ping_status":"open","sticky":false,"template":"","format":"standard","meta":{"_monsterinsights_skip_tracking":false,"_jetpack_newsletter_access":"","_jetpack_dont_email_post_to_subs":false,"_jetpack_newsletter_tier_id":0,"_jetpack_memberships_contains_paywalled_content":false,"_jetpack_memberships_contains_paid_content":false,"footnotes":""},"categories":[8,7,2],"tags":[],"class_list":["post-27431","post","type-post","status-publish","format-standard","has-post-thumbnail","hentry","category-internacional","category-nacional","category-regionales"],"jetpack_featured_media_url":"https:\/\/radiotemuco.com\/home\/wp-content\/uploads\/2026\/08\/Captura-de-pantalla-2026-08-29-a-las-09.43.07.png","jetpack_sharing_enabled":true,"_links":{"self":[{"href":"https:\/\/radiotemuco.com\/home\/wp-json\/wp\/v2\/posts\/27431","targetHints":{"allow":["GET"]}}],"collection":[{"href":"https:\/\/radiotemuco.com\/home\/wp-json\/wp\/v2\/posts"}],"about":[{"href":"https:\/\/radiotemuco.com\/home\/wp-json\/wp\/v2\/types\/post"}],"author":[{"embeddable":true,"href":"https:\/\/radiotemuco.com\/home\/wp-json\/wp\/v2\/users\/2"}],"replies":[{"embeddable":true,"href":"https:\/\/radiotemuco.com\/home\/wp-json\/wp\/v2\/comments?post=27431"}],"version-history":[{"count":1,"href":"https:\/\/radiotemuco.com\/home\/wp-json\/wp\/v2\/posts\/27431\/revisions"}],"predecessor-version":[{"id":27433,"href":"https:\/\/radiotemuco.com\/home\/wp-json\/wp\/v2\/posts\/27431\/revisions\/27433"}],"wp:featuredmedia":[{"embeddable":true,"href":"https:\/\/radiotemuco.com\/home\/wp-json\/wp\/v2\/media\/27432"}],"wp:attachment":[{"href":"https:\/\/radiotemuco.com\/home\/wp-json\/wp\/v2\/media?parent=27431"}],"wp:term":[{"taxonomy":"category","embeddable":true,"href":"https:\/\/radiotemuco.com\/home\/wp-json\/wp\/v2\/categories?post=27431"},{"taxonomy":"post_tag","embeddable":true,"href":"https:\/\/radiotemuco.com\/home\/wp-json\/wp\/v2\/tags?post=27431"}],"curies":[{"name":"wp","href":"https:\/\/api.w.org\/{rel}","templated":true}]}}