{"id":27418,"date":"2026-08-29T13:37:21","date_gmt":"2026-08-29T13:37:21","guid":{"rendered":"https:\/\/radiotemuco.com\/home\/?p=27418"},"modified":"2026-08-29T13:37:21","modified_gmt":"2026-08-29T13:37:21","slug":"entregan-ayuda-a-la-agricultura-familiar-campesina-de-la-araucania-afectada-por-los-sistemas-frontales","status":"publish","type":"post","link":"https:\/\/radiotemuco.com\/home\/entregan-ayuda-a-la-agricultura-familiar-campesina-de-la-araucania-afectada-por-los-sistemas-frontales\/","title":{"rendered":"Entregan ayuda a la agricultura familiar campesina de La Araucan\u00eda afectada por los sistemas frontales"},"content":{"rendered":"<div>Con la presencia del subsecretario del Interior, M\u00e1ximo Pavez, junto al subsecretario de Agricultura (s) Rafael Reyes, la seremi de Agricultura Mar\u00eda Teresa Fern\u00e1ndez y la administradora Municipal, el Ministerio de Agricultura realiz\u00f3 la entrega de ayuda a los agricultores que fueron afectados por el sistema frontal en Temuco. La ceremonia se realiz\u00f3 en la localidad de Labranza y se distribuyeron en total 4 toneladas de cubos de alfalfa, para alimentaci\u00f3n animal.<\/div>\n<div><\/div>\n<div>En tanto, m\u00e1s de 2 toneladas de cubos de alfalfa, tambi\u00e9n, \u00a0fueron entregados a peque\u00f1os ganaderos de la comuna de Freire afectados por las inundaciones y la p\u00e9rdida de forraje.<\/div>\n<div><\/div>\n<div>\u201cDesde el momento que tuvimos estos sistemas frontales, nos dimos cuenta de que la necesidad inmediata era la alimentaci\u00f3n animal y por eso hicimos un catastro que todav\u00eda est\u00e1 en desarrollo, de hecho, actualmente tenemos aproximadamente en La Araucan\u00eda 11.700 agricultores catastrados y el foco es apoyar a los peque\u00f1os agricultores no INDAP.<\/div>\n<div><\/div>\n<div>La Ficha de Afectaci\u00f3n Silvoagropecuaria, FAS, nos est\u00e1 permitiendo evaluar los otros tipos de afectaciones que tienen nuestros agricultores. Por ejemplo, habr\u00e1 un proceso de reconstrucci\u00f3n, por la destrucci\u00f3n de invernaderos, o bien recursos para fertilizantes, etc\u00e9tera. Entonces, el llamado es a nuestros agricultores a que se registre en la ficha FAS, para que podamos llegar con la ayuda que ellos realmente necesitan&#8221;, explic\u00f3 el subsecretario de Agricultura (s) Rafael Reyes.<\/div>\n<div><\/div>\n<div>Para continuar con sus actividades el subsecretario de Agricultura (s), Rafael Reyes, junto a la seremi de Agricultura Mar\u00eda Teresa Fern\u00e1ndez, y la directora Regional (s) de INDAP Araucan\u00eda, Ingrid Cid, pudieron conocer en Freire, la experiencia de la Cooperativa Newen al Sur de La Araucan\u00eda.<\/div>\n<div><\/div>\n<div>La actividad reuni\u00f3 a la directiva de la cooperativa, socios y funcionarios del \u00c1rea INDAP Pitrufqu\u00e9n, en una jornada que permiti\u00f3 relevar el valor de la asociatividad como herramienta para fortalecer la producci\u00f3n, la comercializaci\u00f3n y el acceso a mejores oportunidades para los peque\u00f1os agricultores del territorio.<\/div>\n<div><\/div>\n<div>La cooperativa cuenta actualmente con 35 socios activos y compra fruta a m\u00e1s de 120 productores provenientes principalmente de Freire, adem\u00e1s de Pitrufqu\u00e9n, Teodoro Schmidt y Gorbea. Su producci\u00f3n se concentra principalmente en frambuesa variedad Meeker, adem\u00e1s de moras y ar\u00e1ndanos.<\/div>\n<div><\/div>\n<div>Durante la visita, las autoridades apreciar el trabajo que ha permitido a la organizaci\u00f3n concentrar mayores vol\u00famenes de producci\u00f3n, mejorar sus condiciones de comercializaci\u00f3n y acceder a empresas exportadoras, fortaleciendo as\u00ed las oportunidades para los agricultores vinculados a la cooperativa.<\/div>\n<div><\/div>\n<div>Su producci\u00f3n se env\u00eda a mercados internacionales (hist\u00f3ricamente vinculados a Europa en el rubro de consumo de frutos procesados) esto a trav\u00e9s de alianzas estrat\u00e9gicas con empresas comercializadoras del rubro.<\/div>\n<div><\/div>\n<div>INDAP, a trav\u00e9s del \u00c1rea Pitrufqu\u00e9n, ha acompa\u00f1ado este proceso mediante instrumentos de financiamiento, inversi\u00f3n y apoyo a la gesti\u00f3n, entre ellos el Programa de Asociatividad Econ\u00f3mica (PAE), el Programa de Desarrollo de Inversiones (PDI), cr\u00e9ditos y Alianzas Productivas.<\/div>\n<div><\/div>\n<div>La experiencia de Newen al Sur refleja c\u00f3mo el trabajo asociativo puede mejorar la capacidad de negociaci\u00f3n, aumentar los vol\u00famenes de oferta y facilitar el acceso a mercados que individualmente resultan m\u00e1s dif\u00edciles de alcanzar, fortaleciendo de manera concreta a la Agricultura Familiar Campesina de La Araucan\u00eda.<\/div>\n","protected":false},"excerpt":{"rendered":"<p>Con la presencia del subsecretario del Interior, M\u00e1ximo Pavez, junto al subsecretario de Agricultura (s) Rafael Reyes, la seremi de Agricultura Mar\u00eda Teresa Fern\u00e1ndez y la administradora Municipal, el Ministerio de Agricultura realiz\u00f3 la entrega de ayuda a los agricultores que fueron afectados por el sistema frontal en Temuco. La ceremonia se realiz\u00f3 en la [&hellip;]<\/p>\n","protected":false},"author":2,"featured_media":27419,"comment_status":"closed","ping_status":"open","sticky":false,"template":"","format":"standard","meta":{"_monsterinsights_skip_tracking":false,"_jetpack_newsletter_access":"","_jetpack_dont_email_post_to_subs":false,"_jetpack_newsletter_tier_id":0,"_jetpack_memberships_contains_paywalled_content":false,"_jetpack_memberships_contains_paid_content":false,"footnotes":""},"categories":[8,7,2],"tags":[],"class_list":["post-27418","post","type-post","status-publish","format-standard","has-post-thumbnail","hentry","category-internacional","category-nacional","category-regionales"],"jetpack_featured_media_url":"https:\/\/radiotemuco.com\/home\/wp-content\/uploads\/2026\/08\/entrega-concentrado-Temuco-017.jpg","jetpack_sharing_enabled":true,"_links":{"self":[{"href":"https:\/\/radiotemuco.com\/home\/wp-json\/wp\/v2\/posts\/27418","targetHints":{"allow":["GET"]}}],"collection":[{"href":"https:\/\/radiotemuco.com\/home\/wp-json\/wp\/v2\/posts"}],"about":[{"href":"https:\/\/radiotemuco.com\/home\/wp-json\/wp\/v2\/types\/post"}],"author":[{"embeddable":true,"href":"https:\/\/radiotemuco.com\/home\/wp-json\/wp\/v2\/users\/2"}],"replies":[{"embeddable":true,"href":"https:\/\/radiotemuco.com\/home\/wp-json\/wp\/v2\/comments?post=27418"}],"version-history":[{"count":1,"href":"https:\/\/radiotemuco.com\/home\/wp-json\/wp\/v2\/posts\/27418\/revisions"}],"predecessor-version":[{"id":27420,"href":"https:\/\/radiotemuco.com\/home\/wp-json\/wp\/v2\/posts\/27418\/revisions\/27420"}],"wp:featuredmedia":[{"embeddable":true,"href":"https:\/\/radiotemuco.com\/home\/wp-json\/wp\/v2\/media\/27419"}],"wp:attachment":[{"href":"https:\/\/radiotemuco.com\/home\/wp-json\/wp\/v2\/media?parent=27418"}],"wp:term":[{"taxonomy":"category","embeddable":true,"href":"https:\/\/radiotemuco.com\/home\/wp-json\/wp\/v2\/categories?post=27418"},{"taxonomy":"post_tag","embeddable":true,"href":"https:\/\/radiotemuco.com\/home\/wp-json\/wp\/v2\/tags?post=27418"}],"curies":[{"name":"wp","href":"https:\/\/api.w.org\/{rel}","templated":true}]}}