{"id":27414,"date":"2026-08-29T13:35:06","date_gmt":"2026-08-29T13:35:06","guid":{"rendered":"https:\/\/radiotemuco.com\/home\/?p=27414"},"modified":"2026-08-29T13:35:06","modified_gmt":"2026-08-29T13:35:06","slug":"exitosa-segunda-cumbre-araucania-fruticola-marca-el-camino-hacia-la-consolidacion","status":"publish","type":"post","link":"https:\/\/radiotemuco.com\/home\/exitosa-segunda-cumbre-araucania-fruticola-marca-el-camino-hacia-la-consolidacion\/","title":{"rendered":"Exitosa Segunda Cumbre Araucan\u00eda Frut\u00edcola marca el camino hacia la consolidaci\u00f3n"},"content":{"rendered":"<p>Mercados, clima, innovaci\u00f3n, tecnolog\u00eda y nuevas oportunidades productivas fueron algunos de los temas que marcar\u00e1n las decisiones del sector durante la pr\u00f3xima temporada y que concentraron la atenci\u00f3n en la Segunda Cumbre Araucan\u00eda Frut\u00edcola 2026, encuentro que reuni\u00f3 con \u00e9xito a todo el ecosistema de la actividad regional.<\/p>\n<p>Con m\u00e1s de 400 asistentes, la jornada convoc\u00f3 a productores, empresas vinculadas al sector, especialistas, investigadores, asesores t\u00e9cnicos y representantes del \u00e1mbito p\u00fablico y privado, quienes se reunieron para compartir conocimiento, analizar escenarios y proyectar el futuro de la fruticultura regional.<\/p>\n<p>Bajo el lema \u201cCamino a la Consolidaci\u00f3n\u201d, la Cumbre fue organizada por el PTI Araucan\u00eda Frut\u00edcola de CORFO, SOFO y el Programa GORE-INIA Araucan\u00eda Frut\u00edcola, con el apoyo de CORFO, el Gobierno Regional de La Araucan\u00eda, el Consejo Regional e INIA.<\/p>\n<p>Uno de los ejes de la jornada fue la articulaci\u00f3n p\u00fablico-privada, abordada desde el inicio a trav\u00e9s de un panel que reuni\u00f3 a representantes del PTI, SOFO, INIA,\u00a0 CORFO y GORE.<\/p>\n<p>Para el director regional de CORFO Araucan\u00eda, Henry Leal, el \u00e9xito de la convocatoria refleja precisamente este trabajo colaborativo y el potencial que presenta la regi\u00f3n. \u201cLa Segunda Cumbre Araucan\u00eda Frut\u00edcola ha sido un \u00e9xito y es una muestra palpable de la articulaci\u00f3n p\u00fablico-privada. Estamos convencidos de que nuestra regi\u00f3n tiene un potencial enorme para avanzar en fruticultura. Hemos escuchado a los expertos y se ha dicho que esta regi\u00f3n tiene condiciones excepcionales, principalmente por el agua disponible. Creemos que la agricultura tiene que avanzar hacia all\u00e1\u201d, se\u00f1al\u00f3.<\/p>\n<p>En tanto, la gerente del PTI Araucan\u00eda Frut\u00edcola, Cynthia Vega, destac\u00f3 la alta participaci\u00f3n y la calidad de los contenidos entregados durante la jornada. \u201cConsideramos que ha sido un \u00e9xito. Hemos tenido una tremenda convocatoria, con m\u00e1s de 500 inscritos y una participaci\u00f3n muy activa. Los stands de nuestros auspiciadores han estado llenos y tambi\u00e9n ha sido muy interesante todo lo que han expuesto estos tremendos relatores, que nos han tra\u00eddo informaci\u00f3n real para proyectar a La Araucan\u00eda y seguir fortaleciendo la fruticultura en la regi\u00f3n.\u201d<\/p>\n<p>Desde el Ministerio de Agricultura, la Seremi Mar\u00eda Teresa Fern\u00e1ndez relev\u00f3 el aporte de estos espacios para la toma de decisiones y la diversificaci\u00f3n productiva. \u201cEstos encuentros son donde est\u00e1 la sinergia perfecta entre el mundo p\u00fablico y privado, la investigaci\u00f3n, los gremios y los productores. Permiten entregar herramientas y proyecciones de futuro para que nuestros agricultores tomen adecuadas decisiones, fortalezcan el rubro de la fruticultura y podamos diversificar nuestra matriz productiva regional.\u201d<\/p>\n<p>Una visi\u00f3n que comparte el mundo gremial. El vicepresidente de SOFO, Gast\u00f3n Caminondo, destac\u00f3 que la fruticultura representa una nueva oportunidad para diversificar la producci\u00f3n regional. \u201cCreemos que es un rubro que vino para quedarse. Eso no quiere decir que no podamos seguir siendo el granero de Chile en cuanto a las producciones m\u00e1s tradicionales, pero s\u00ed es importante diversificar. Y eso, sin lugar a dudas, ayuda a muchas comunidades y a agricultores de diferentes escalas a poder tener un mejor futuro.\u201d<\/p>\n<p><strong>Una oportunidad de US$10 mil millones para la regi\u00f3n<\/strong><\/p>\n<p>La dimensi\u00f3n econ\u00f3mica de esta oportunidad fue puesta en perspectiva por el presidente de la Sociedad Nacional de Agricultura, Antonio Walker, quien destac\u00f3 el peso de la fruticultura dentro de las exportaciones agr\u00edcolas chilenas y las condiciones que presenta La Araucan\u00eda.<\/p>\n<p>\u201cLa fruticultura es uno de los rubros m\u00e1s importantes de la agricultura. De los 13.500 millones de d\u00f3lares que exporta la agricultura chilena, 10.000 millones corresponden a la fruticultura. Y la Regi\u00f3n de La Araucan\u00eda tiene suelo, tiene agua, tiene un clima privilegiado y tiene muy buenos agricultores. Tiene una tremenda oportunidad.\u201d<\/p>\n<p>Walker agreg\u00f3 que la Cumbre contribuye precisamente a poner en valor ese potencial y generar condiciones para nuevas inversiones. \u201cHemos tenido muy buenos expositores en berries, cerezas, avellano y frambuesas, y vemos que tambi\u00e9n est\u00e1n las pom\u00e1ceas, las manzanas en Angol y Traigu\u00e9n. Realmente, La Araucan\u00eda est\u00e1 mostrando su potencial frut\u00edcola, y eso significa mucho empleo, mucho desarrollo. Por eso estamos tan contentos.\u201d<\/p>\n<p>Desde el \u00e1mbito de la investigaci\u00f3n, la directora nacional (s) de INIA, Mar\u00eda Teresa Pino, valor\u00f3 la posibilidad de reunir al sector productivo, la investigaci\u00f3n y las instituciones. \u201cValoro estos encuentros donde confluyen el sector privado, la investigaci\u00f3n y las instituciones, porque es en este tipo de espacios donde las personas se conocen, intercambian ideas y pueden co-construir una actividad como la fruticultura. Nuestro rol es apoyar al sector productivo y necesitamos trabajar en conjunto para construir una agricultura mejor.\u201d<\/p>\n<p>La agenda t\u00e9cnica puso luego el foco en los mercados y en las decisiones que deber\u00e1 enfrentar el sector durante la pr\u00f3xima temporada. Isabel Quiroz, directora y fundadora de I Qonsulting, analiz\u00f3 cerezos, avellano europeo y berries de cara a la temporada 2026\/2027, entregando aprendizajes y claves a los asistentes.<\/p>\n<p>La innovaci\u00f3n y la inteligencia artificial fueron abordadas por Juan Ignacio Allende, asesor del directorio de Hortifrut y director de varias empresas frut\u00edcolas, quien centr\u00f3 su presentaci\u00f3n en el uso de nuevas herramientas para mejorar la toma de decisiones. \u201cEl mensaje es acercar a este grupo de productores de La Araucan\u00eda al mercado. Entendemos que, al final, es el mercado el que decide qu\u00e9 quiere comer, cu\u00e1ndo lo quiere comer y de d\u00f3nde quiere comerlo. Y el segundo mensaje tiene que ver con el uso de la inteligencia artificial para tomar mejores decisiones en la agricultura\u201d, explic\u00f3.<\/p>\n<p>La jornada tambi\u00e9n abord\u00f3 el futuro del avellano europeo, con Abel Gonz\u00e1lez, investigador de INIA Carillanca, quien expuso sobre clones, nuevas variedades y sistemas de formaci\u00f3n; los desaf\u00edos sanitarios del cultivo, a cargo de Gast\u00f3n Ulloa, gerente t\u00e9cnico de Biofuturo; y las perspectivas clim\u00e1ticas para la temporada 2026\/2027, analizadas por el climat\u00f3logo Dr. Fernando Santib\u00e1\u00f1ez.<\/p>\n<p>El encuentro permiti\u00f3 conectar productores, empresas, investigaci\u00f3n, gremios y sector p\u00fablico en torno a una misma oportunidad: transformar las condiciones y el potencial de La Araucan\u00eda en mayor desarrollo frut\u00edcola.<\/p>\n<p>La Segunda Cumbre Araucan\u00eda Frut\u00edcola 2026 confirm\u00f3 que la regi\u00f3n cuenta con condiciones productivas, conocimiento y un ecosistema dispuesto a trabajar para avanzar hacia una fruticultura m\u00e1s competitiva, innovadora, sostenible y generadora de empleo y oportunidades.<\/p>\n","protected":false},"excerpt":{"rendered":"<p>Mercados, clima, innovaci\u00f3n, tecnolog\u00eda y nuevas oportunidades productivas fueron algunos de los temas que marcar\u00e1n las decisiones del sector durante la pr\u00f3xima temporada y que concentraron la atenci\u00f3n en la Segunda Cumbre Araucan\u00eda Frut\u00edcola 2026, encuentro que reuni\u00f3 con \u00e9xito a todo el ecosistema de la actividad regional. Con m\u00e1s de 400 asistentes, la jornada [&hellip;]<\/p>\n","protected":false},"author":2,"featured_media":27415,"comment_status":"closed","ping_status":"open","sticky":false,"template":"","format":"standard","meta":{"_monsterinsights_skip_tracking":false,"_jetpack_newsletter_access":"","_jetpack_dont_email_post_to_subs":false,"_jetpack_newsletter_tier_id":0,"_jetpack_memberships_contains_paywalled_content":false,"_jetpack_memberships_contains_paid_content":false,"footnotes":""},"categories":[8,7,2],"tags":[],"class_list":["post-27414","post","type-post","status-publish","format-standard","has-post-thumbnail","hentry","category-internacional","category-nacional","category-regionales"],"jetpack_featured_media_url":"https:\/\/radiotemuco.com\/home\/wp-content\/uploads\/2026\/08\/cumbre.jpeg","jetpack_sharing_enabled":true,"_links":{"self":[{"href":"https:\/\/radiotemuco.com\/home\/wp-json\/wp\/v2\/posts\/27414","targetHints":{"allow":["GET"]}}],"collection":[{"href":"https:\/\/radiotemuco.com\/home\/wp-json\/wp\/v2\/posts"}],"about":[{"href":"https:\/\/radiotemuco.com\/home\/wp-json\/wp\/v2\/types\/post"}],"author":[{"embeddable":true,"href":"https:\/\/radiotemuco.com\/home\/wp-json\/wp\/v2\/users\/2"}],"replies":[{"embeddable":true,"href":"https:\/\/radiotemuco.com\/home\/wp-json\/wp\/v2\/comments?post=27414"}],"version-history":[{"count":1,"href":"https:\/\/radiotemuco.com\/home\/wp-json\/wp\/v2\/posts\/27414\/revisions"}],"predecessor-version":[{"id":27416,"href":"https:\/\/radiotemuco.com\/home\/wp-json\/wp\/v2\/posts\/27414\/revisions\/27416"}],"wp:featuredmedia":[{"embeddable":true,"href":"https:\/\/radiotemuco.com\/home\/wp-json\/wp\/v2\/media\/27415"}],"wp:attachment":[{"href":"https:\/\/radiotemuco.com\/home\/wp-json\/wp\/v2\/media?parent=27414"}],"wp:term":[{"taxonomy":"category","embeddable":true,"href":"https:\/\/radiotemuco.com\/home\/wp-json\/wp\/v2\/categories?post=27414"},{"taxonomy":"post_tag","embeddable":true,"href":"https:\/\/radiotemuco.com\/home\/wp-json\/wp\/v2\/tags?post=27414"}],"curies":[{"name":"wp","href":"https:\/\/api.w.org\/{rel}","templated":true}]}}