{"id":26180,"date":"2026-04-27T10:38:12","date_gmt":"2026-04-27T10:38:12","guid":{"rendered":"https:\/\/radiotemuco.com\/home\/?p=26180"},"modified":"2026-04-27T10:38:12","modified_gmt":"2026-04-27T10:38:12","slug":"indap-araucania-releva-el-valor-cultural-de-saavedra-y-ercilla","status":"publish","type":"post","link":"https:\/\/radiotemuco.com\/home\/indap-araucania-releva-el-valor-cultural-de-saavedra-y-ercilla\/","title":{"rendered":"INDAP Araucan\u00eda releva el valor cultural de Saavedra y Ercilla"},"content":{"rendered":"<p>En Saavedra y Ercilla, INDAP Araucan\u00eda realiz\u00f3 la entrega de nuevos Sellos Manos Campesinas, reconocimiento que certifica productos de la Agricultura Familiar Campesina que cumplen est\u00e1ndares de calidad, origen y elaboraci\u00f3n artesanal, facilitando su acceso a nuevos espacios de comercializaci\u00f3n.<\/p>\n<p>Las entregas fueron encabezadas por la Directora Regional(s) de INDAP Araucan\u00eda, Ingrid Cid, junto a usuarios del servicio, en dos jornadas que pusieron en valor la identidad productiva local y el rescate de pr\u00e1cticas tradicionales.<\/p>\n<p>En la comuna de Saavedra, uno de los aspectos centrales fue el reconocimiento al trabajo en fibra de chup\u00f3n, planta nativa profundamente vinculada a la cultura mapuche. Su uso refleja conocimientos ancestrales y una relaci\u00f3n directa con el entorno, especialmente en el sector lafkenche, donde esta pr\u00e1ctica forma parte del patrimonio cultural.<\/p>\n<p>Durante la actividad, la Directora Regional(s) destac\u00f3 el impacto del instrumento, se\u00f1alando que \u201c<strong><em>este es un Programa de INDAP que tiene por finalidad certificar y garantizar la procedencia de los productos que son elaborados por la Agricultura Familiar Campesina<\/em><\/strong>\u201d. Adem\u00e1s, la autoridad del agro precis\u00f3: \u201c<strong><em>Este Sello no solamente garantiza el origen, sino que tambi\u00e9n permite abrir nuevas oportunidades de comercializaci\u00f3n para los agricultores, de acuerdo con los lineamientos del Gobierno y del Ministerio de Agricultura, que buscan fortalecer el desarrollo productivo con identidad y mejorar la calidad de vida en el mundo rural<\/em><\/strong>\u201d.<\/p>\n<p>Entre los beneficiados se encuentran Laura Huenten, del sector Piedra Alta en Saavedra, quien desarrolla cester\u00eda en fibra de chup\u00f3n con identidad cultural. La artesana valor\u00f3 el reconocimiento se\u00f1alando que: \u201c<strong><em>Este sello es muy importante para nosotros, porque reconoce nuestro trabajo y nuestra cultura. Nosotros no solamente hacemos artesan\u00eda, tambi\u00e9n estamos transmitiendo lo que aprendimos de nuestras familias y de nuestra historia<\/em><\/strong>\u201d.<\/p>\n<p>Por su parte, Patricio Trangol destac\u00f3 el impacto en la proyecci\u00f3n de su trabajo, indicando que \u201c<strong><em>para nosotros como familia esto es un orgullo. El chup\u00f3n es parte de nuestra vida y este sello nos ayuda a mostrar nuestro trabajo y a llegar a m\u00e1s espacios de venta<\/em><\/strong>\u201d.<\/p>\n<p>A ellos se suma Isabel Ver\u00f3nica Catrileo Antil, artesana del witral en la comuna de Ercilla, quien se convierte en la primera usuaria de su comuna en obtener el Sello Manos Campesinas, marcando un hito en el reconocimiento de la artesan\u00eda local.<\/p>\n<p>La entrega de este sello se enmarca en los lineamientos de INDAP orientados a fortalecer la comercializaci\u00f3n, generar nuevas oportunidades de mercado y poner en valor el trabajo de la Agricultura Familiar Campesina, promoviendo un desarrollo con identidad en la regi\u00f3n.<\/p>\n","protected":false},"excerpt":{"rendered":"<p>En Saavedra y Ercilla, INDAP Araucan\u00eda realiz\u00f3 la entrega de nuevos Sellos Manos Campesinas, reconocimiento que certifica productos de la Agricultura Familiar Campesina que cumplen est\u00e1ndares de calidad, origen y elaboraci\u00f3n artesanal, facilitando su acceso a nuevos espacios de comercializaci\u00f3n. Las entregas fueron encabezadas por la Directora Regional(s) de INDAP Araucan\u00eda, Ingrid Cid, junto a usuarios del servicio, en dos jornadas que pusieron en valor la identidad productiva local y el rescate de pr\u00e1cticas tradicionales. En la comuna de Saavedra, uno de los aspectos centrales fue el reconocimiento al trabajo en fibra de chup\u00f3n, planta nativa profundamente vinculada a la cultura [&hellip;]<\/p>\n","protected":false},"author":2,"featured_media":26172,"comment_status":"closed","ping_status":"open","sticky":false,"template":"","format":"standard","meta":{"_crdt_document":"","_monsterinsights_skip_tracking":false,"_monsterinsights_sitenote_active":false,"_monsterinsights_sitenote_note":"","_monsterinsights_sitenote_category":0,"_jetpack_memberships_contains_paid_content":false,"footnotes":""},"categories":[8,7,2],"tags":[],"class_list":["post-26180","post","type-post","status-publish","format-standard","has-post-thumbnail","hentry","category-internacional","category-nacional","category-regionales"],"jetpack_featured_media_url":"https:\/\/radiotemuco.com\/home\/wp-content\/uploads\/2026\/04\/Fotos-Sellos-Manos-Campesinas-2026-1-scaled.jpeg","jetpack_sharing_enabled":true,"_links":{"self":[{"href":"https:\/\/radiotemuco.com\/home\/wp-json\/wp\/v2\/posts\/26180","targetHints":{"allow":["GET"]}}],"collection":[{"href":"https:\/\/radiotemuco.com\/home\/wp-json\/wp\/v2\/posts"}],"about":[{"href":"https:\/\/radiotemuco.com\/home\/wp-json\/wp\/v2\/types\/post"}],"author":[{"embeddable":true,"href":"https:\/\/radiotemuco.com\/home\/wp-json\/wp\/v2\/users\/2"}],"replies":[{"embeddable":true,"href":"https:\/\/radiotemuco.com\/home\/wp-json\/wp\/v2\/comments?post=26180"}],"version-history":[{"count":1,"href":"https:\/\/radiotemuco.com\/home\/wp-json\/wp\/v2\/posts\/26180\/revisions"}],"predecessor-version":[{"id":26181,"href":"https:\/\/radiotemuco.com\/home\/wp-json\/wp\/v2\/posts\/26180\/revisions\/26181"}],"wp:featuredmedia":[{"embeddable":true,"href":"https:\/\/radiotemuco.com\/home\/wp-json\/wp\/v2\/media\/26172"}],"wp:attachment":[{"href":"https:\/\/radiotemuco.com\/home\/wp-json\/wp\/v2\/media?parent=26180"}],"wp:term":[{"taxonomy":"category","embeddable":true,"href":"https:\/\/radiotemuco.com\/home\/wp-json\/wp\/v2\/categories?post=26180"},{"taxonomy":"post_tag","embeddable":true,"href":"https:\/\/radiotemuco.com\/home\/wp-json\/wp\/v2\/tags?post=26180"}],"curies":[{"name":"wp","href":"https:\/\/api.w.org\/{rel}","templated":true}]}}