{"id":26174,"date":"2026-04-27T10:30:28","date_gmt":"2026-04-27T10:30:28","guid":{"rendered":"https:\/\/radiotemuco.com\/home\/?p=26174"},"modified":"2026-04-27T10:30:28","modified_gmt":"2026-04-27T10:30:28","slug":"pdi-temuco-y-sermig-realizan-fiscalizacion-de-extranjeros","status":"publish","type":"post","link":"https:\/\/radiotemuco.com\/home\/pdi-temuco-y-sermig-realizan-fiscalizacion-de-extranjeros\/","title":{"rendered":"PDI Temuco y SERMIG realizan fiscalizaci\u00f3n de extranjeros"},"content":{"rendered":"<p>Detectives del Departamento de Migraciones y Polic\u00eda Internacional Temuco, DEMIG, junto al Servicio Nacional de Migraciones Direcci\u00f3n Regional Araucan\u00eda, y en cumplimiento a los objetivos estrat\u00e9gicos vinculados a la seguridad ciudadana, y enmarcados en la fiscalizaci\u00f3n, control y denuncia de extranjeros en situaci\u00f3n irregular en nuestro pa\u00eds, amparados en la Ley 21.325 de Migraci\u00f3n y Extranjer\u00eda, realizaron durante esta semana, un control de ciudadanos extranjeros en el sector c\u00e9ntrico y poniente de la capital regional, dedicados al comercio de frutas y verduras.<\/p>\n<p>En la fiscalizaci\u00f3n se control\u00f3 a 24 personas, correspondientes a la nacionalidad venezolana, colombiana y cubana, denunciando un total de 10 de \u00e9stos al organismo respectivo, debido a que hallaban en situaci\u00f3n migratoria irregular en nuestro pa\u00eds, y cuyas faltas administrativas se enmarcaron en ingresar a territorio nacional por pasos no habilitados y realizar labores remuneradas sin la debida autorizaci\u00f3n. Adem\u00e1s, se denunci\u00f3 a un ciudadano chileno, por emplear extranjeros sin permiso de residencia o permanencia vigente.<\/p>\n<p>Por otra parte, se logr\u00f3 ubicar y notificar de medidas de expulsi\u00f3n administrativa a cuatro ciudadanos venezolanos, tres cubanos y un colombiano, inform\u00e1ndole de los plazos legales que dicho acto implica.<\/p>\n<p>Con este procedimiento policial se da respuesta efectiva a las facultades institucionales en materias de migraci\u00f3n, consignadas en nuestra legislaci\u00f3n vigente, espec\u00edficamente con la ubicaci\u00f3n, control y denuncia efectuada a extranjeros que permanezcan en nuestro pa\u00eds de manera ilegal, fortaleciendo de esta forma el rol de la PDI en el \u00e1rea de migraciones frente a los desaf\u00edos regionales y globales, dando eficaz cumplimiento a las metas institucionales propuestas para este a\u00f1o.<\/p>\n","protected":false},"excerpt":{"rendered":"<p>Detectives del Departamento de Migraciones y Polic\u00eda Internacional Temuco, DEMIG, junto al Servicio Nacional de Migraciones Direcci\u00f3n Regional Araucan\u00eda, y en cumplimiento a los objetivos estrat\u00e9gicos vinculados a la seguridad ciudadana, y enmarcados en la fiscalizaci\u00f3n, control y denuncia de extranjeros en situaci\u00f3n irregular en nuestro pa\u00eds, amparados en la Ley 21.325 de Migraci\u00f3n y Extranjer\u00eda, realizaron durante esta semana, un control de ciudadanos extranjeros en el sector c\u00e9ntrico y poniente de la capital regional, dedicados al comercio de frutas y verduras. En la fiscalizaci\u00f3n se control\u00f3 a 24 personas, correspondientes a la nacionalidad venezolana, colombiana y cubana, denunciando un total [&hellip;]<\/p>\n","protected":false},"author":2,"featured_media":26175,"comment_status":"closed","ping_status":"open","sticky":false,"template":"","format":"standard","meta":{"_crdt_document":"","_monsterinsights_skip_tracking":false,"_monsterinsights_sitenote_active":false,"_monsterinsights_sitenote_note":"","_monsterinsights_sitenote_category":0,"_jetpack_memberships_contains_paid_content":false,"footnotes":""},"categories":[8,7,2],"tags":[],"class_list":["post-26174","post","type-post","status-publish","format-standard","has-post-thumbnail","hentry","category-internacional","category-nacional","category-regionales"],"jetpack_featured_media_url":"https:\/\/radiotemuco.com\/home\/wp-content\/uploads\/2026\/04\/WhatsApp-Image-2026-04-24-at-11.27.23.jpeg","jetpack_sharing_enabled":true,"_links":{"self":[{"href":"https:\/\/radiotemuco.com\/home\/wp-json\/wp\/v2\/posts\/26174","targetHints":{"allow":["GET"]}}],"collection":[{"href":"https:\/\/radiotemuco.com\/home\/wp-json\/wp\/v2\/posts"}],"about":[{"href":"https:\/\/radiotemuco.com\/home\/wp-json\/wp\/v2\/types\/post"}],"author":[{"embeddable":true,"href":"https:\/\/radiotemuco.com\/home\/wp-json\/wp\/v2\/users\/2"}],"replies":[{"embeddable":true,"href":"https:\/\/radiotemuco.com\/home\/wp-json\/wp\/v2\/comments?post=26174"}],"version-history":[{"count":1,"href":"https:\/\/radiotemuco.com\/home\/wp-json\/wp\/v2\/posts\/26174\/revisions"}],"predecessor-version":[{"id":26176,"href":"https:\/\/radiotemuco.com\/home\/wp-json\/wp\/v2\/posts\/26174\/revisions\/26176"}],"wp:featuredmedia":[{"embeddable":true,"href":"https:\/\/radiotemuco.com\/home\/wp-json\/wp\/v2\/media\/26175"}],"wp:attachment":[{"href":"https:\/\/radiotemuco.com\/home\/wp-json\/wp\/v2\/media?parent=26174"}],"wp:term":[{"taxonomy":"category","embeddable":true,"href":"https:\/\/radiotemuco.com\/home\/wp-json\/wp\/v2\/categories?post=26174"},{"taxonomy":"post_tag","embeddable":true,"href":"https:\/\/radiotemuco.com\/home\/wp-json\/wp\/v2\/tags?post=26174"}],"curies":[{"name":"wp","href":"https:\/\/api.w.org\/{rel}","templated":true}]}}