{"id":26158,"date":"2026-04-25T10:27:05","date_gmt":"2026-04-25T10:27:05","guid":{"rendered":"https:\/\/radiotemuco.com\/home\/?p=26158"},"modified":"2026-04-25T10:27:05","modified_gmt":"2026-04-25T10:27:05","slug":"la-noche-celebra-26-anos-de-cumbia-con-show-en-dreams-temuco","status":"publish","type":"post","link":"https:\/\/radiotemuco.com\/home\/la-noche-celebra-26-anos-de-cumbia-con-show-en-dreams-temuco\/","title":{"rendered":"La Noche celebra 26 a\u00f1os de Cumbia con show en Dreams Temuco"},"content":{"rendered":"<p>La emblem\u00e1tica agrupaci\u00f3n nacional se presentar\u00e1 este s\u00e1bado en el restobar Lucky 7, en una noche cargada de cl\u00e1sicos, recuerdos y adelantos de su nueva m\u00fasica.<\/p>\n<p>El reconocido grupo chileno La Noche llega a Dreams para celebrar su gira \u201c26 A\u00f1os De Cumbia\u201d. Una puesta en escena musical de culto que repasa su extensa trayectoria en los escenarios del pa\u00eds.<\/p>\n<p>Sobre el escenario, la banda contar\u00e1 con su formaci\u00f3n actual, encabezada por su voz principal, Gabriel Morales, junto a m\u00fasicos que han sido parte clave del sonido caracter\u00edstico del grupo.Entre ellos destacan el fundador y compositor principal, Alex\u00edtico; Cristian Berr\u00edos en guitarra; Claudio Pincheira en el bajo; Diego en timbales; el percusionista en congas; Paula Orellana aportando la energ\u00eda femenina en los coros; y el reconocido tecladista \u201cTecla Negra\u201d.<br \/>\n\u201cCumplimos 26 a\u00f1os de cumbia del grupo La Noche. Tenemos en escena a m\u00fasicos muy importantes, con nuestro fundador y compositor principal, y un equipo que le da identidad a este proyecto\u201d, se\u00f1ala el rostro<\/p>\n<p>La agrupaci\u00f3n ha mantenido una fuerte conexi\u00f3n con el circuito de casinos a lo largo de Chile, consolidando una relaci\u00f3n cercana con su p\u00fablico.\u201dHemos estado girando varios a\u00f1os en los casinos Dreams, y los mejores recuerdos son el cari\u00f1o del p\u00fablico en cada uno de los escenarios, adem\u00e1s de las experiencias de los viajes y conocer ciudades que no hab\u00edamos podido recorrer\u201d, expresa su voz principal.<\/p>\n<p>El espect\u00e1culo promete una noche de baile y nostalgia, con un repertorio que revive los grandes \u00e9xitos de la cumbia chilena de los a\u00f1os 2000. \u201cEsperamos que la gente vaya a disfrutar, que se olvide de los problemas del d\u00eda a d\u00eda. Que vayan con toda la intenci\u00f3n de pasarlo bien, de bailar cumbia que rememora esas \u00e9pocas del 2000, 2005, 2006, 2010 con todas las canciones del grupo\u201d, explica Morales.<\/p>\n<p>El show ser\u00e1 este s\u00e1bado, no antes de las 22:00 hrs en el escenario del restobar Lucky 7, en Dreams Temuci. El acceso es gratis con la entrada al casino cuyo importe total es en beneficio fiscal.<\/p>\n","protected":false},"excerpt":{"rendered":"<p>La emblem\u00e1tica agrupaci\u00f3n nacional se presentar\u00e1 este s\u00e1bado en el restobar Lucky 7, en una noche cargada de cl\u00e1sicos, recuerdos y adelantos de su nueva m\u00fasica. El reconocido grupo chileno La Noche llega a Dreams para celebrar su gira \u201c26 A\u00f1os De Cumbia\u201d. Una puesta en escena musical de culto que repasa su extensa trayectoria en los escenarios del pa\u00eds. Sobre el escenario, la banda contar\u00e1 con su formaci\u00f3n actual, encabezada por su voz principal, Gabriel Morales, junto a m\u00fasicos que han sido parte clave del sonido caracter\u00edstico del grupo.Entre ellos destacan el fundador y compositor principal, Alex\u00edtico; Cristian Berr\u00edos en [&hellip;]<\/p>\n","protected":false},"author":2,"featured_media":26159,"comment_status":"closed","ping_status":"open","sticky":false,"template":"","format":"standard","meta":{"_crdt_document":"","_monsterinsights_skip_tracking":false,"_monsterinsights_sitenote_active":false,"_monsterinsights_sitenote_note":"","_monsterinsights_sitenote_category":0,"_jetpack_memberships_contains_paid_content":false,"footnotes":""},"categories":[8,7,2],"tags":[],"class_list":["post-26158","post","type-post","status-publish","format-standard","has-post-thumbnail","hentry","category-internacional","category-nacional","category-regionales"],"jetpack_featured_media_url":"https:\/\/radiotemuco.com\/home\/wp-content\/uploads\/2026\/04\/Captura-de-pantalla-2026-04-25-a-las-06.25.07.png","jetpack_sharing_enabled":true,"_links":{"self":[{"href":"https:\/\/radiotemuco.com\/home\/wp-json\/wp\/v2\/posts\/26158","targetHints":{"allow":["GET"]}}],"collection":[{"href":"https:\/\/radiotemuco.com\/home\/wp-json\/wp\/v2\/posts"}],"about":[{"href":"https:\/\/radiotemuco.com\/home\/wp-json\/wp\/v2\/types\/post"}],"author":[{"embeddable":true,"href":"https:\/\/radiotemuco.com\/home\/wp-json\/wp\/v2\/users\/2"}],"replies":[{"embeddable":true,"href":"https:\/\/radiotemuco.com\/home\/wp-json\/wp\/v2\/comments?post=26158"}],"version-history":[{"count":1,"href":"https:\/\/radiotemuco.com\/home\/wp-json\/wp\/v2\/posts\/26158\/revisions"}],"predecessor-version":[{"id":26160,"href":"https:\/\/radiotemuco.com\/home\/wp-json\/wp\/v2\/posts\/26158\/revisions\/26160"}],"wp:featuredmedia":[{"embeddable":true,"href":"https:\/\/radiotemuco.com\/home\/wp-json\/wp\/v2\/media\/26159"}],"wp:attachment":[{"href":"https:\/\/radiotemuco.com\/home\/wp-json\/wp\/v2\/media?parent=26158"}],"wp:term":[{"taxonomy":"category","embeddable":true,"href":"https:\/\/radiotemuco.com\/home\/wp-json\/wp\/v2\/categories?post=26158"},{"taxonomy":"post_tag","embeddable":true,"href":"https:\/\/radiotemuco.com\/home\/wp-json\/wp\/v2\/tags?post=26158"}],"curies":[{"name":"wp","href":"https:\/\/api.w.org\/{rel}","templated":true}]}}