{"id":25810,"date":"2026-03-13T09:30:06","date_gmt":"2026-03-13T09:30:06","guid":{"rendered":"https:\/\/radiotemuco.com\/home\/?p=25810"},"modified":"2026-03-13T09:30:06","modified_gmt":"2026-03-13T09:30:06","slug":"imperdible-claudio-narea-anuncia-concierto-en-dreams-este-sabado","status":"publish","type":"post","link":"https:\/\/radiotemuco.com\/home\/imperdible-claudio-narea-anuncia-concierto-en-dreams-este-sabado\/","title":{"rendered":"Imperdible: Claudio Narea anuncia concierto en Dreams este s\u00e1bado"},"content":{"rendered":"<p>Una noche de s\u00e1bado\u00a0llena de nostalgia y energ\u00eda tendr\u00e1 lugar en el escenario del\u00a0Restobar\u00a0Lucky\u00a07 del casino\u00a0Dreams\u00a0de la capital regional.\u00a0Claudio\u00a0Narea, ex integrante de Los Prisioneros,promete revivir los cl\u00e1sicos de la banda nacional que marc\u00f3 una era en la m\u00fasica chilena.<\/p>\n<p>El concierto de\u00a0Narea\u00a0llega como una oportunidad dorada para los fan\u00e1ticos de Los Prisioneros. El m\u00fasico, conocido por su papel crucial en la creaci\u00f3n de algunos de los himnos m\u00e1s representativos de los a\u00f1os 80 en Chile, repasar\u00e1 una serie de temas ic\u00f3nicos que definen la esencia de la banda. Cl\u00e1sicos como \u201cLa Voz De Los Ochenta\u201d, \u201cSexo\u201d, \u201c\u00bfQui\u00e9n Mat\u00f3 A Marilyn?\u201d y \u201cEl Baile De Los Que Sobran\u201d estar\u00e1n en el centro del repertorio, invitando a los presentes a una inmersi\u00f3n completa en la rebeld\u00eda y el esp\u00edritu social que caracteriz\u00f3 a la agrupaci\u00f3n.<\/p>\n<p>El Restobar Lucky 7, con su ambiente vibrante y cercano, servir\u00e1 como el escenario perfecto para esta velada. Los asistentes podr\u00e1n disfrutar de una experiencia musical inolvidable en un espacio que resuena con la historia y el fervor de la m\u00fasica de Los Prisioneros. La cercan\u00eda del lugar y su animada atm\u00f3sfera contribuir\u00e1n a una noche de celebraci\u00f3n y recuerdo.\u00b4<\/p>\n<p>En una conversaci\u00f3n con este medio, el cantante expres\u00f3 su entusiasmo por regresar a la Regi\u00f3n. &#8220;Siempre es un gusto volver a esta zona. Cada vez que venimos, nos recibe con la mejor de las energ\u00edas&#8221;, coment\u00f3 el m\u00fasico, destacando la calidez y el entusiasmo del p\u00fablico local.<br \/>\nEl acceso al show de Claudio\u00a0Narea, que partir\u00e1 no antes de las 22:00\u00a0horas,\u00a0es\u00a0gratis con la entrada al casino, cuyo importe total es en beneficio fiscal.<\/p>\n<p>&nbsp;<\/p>\n","protected":false},"excerpt":{"rendered":"<p>Una noche de s\u00e1bado\u00a0llena de nostalgia y energ\u00eda tendr\u00e1 lugar en el escenario del\u00a0Restobar\u00a0Lucky\u00a07 del casino\u00a0Dreams\u00a0de la capital regional.\u00a0Claudio\u00a0Narea, ex integrante de Los Prisioneros,promete revivir los cl\u00e1sicos de la banda nacional que marc\u00f3 una era en la m\u00fasica chilena. El concierto de\u00a0Narea\u00a0llega como una oportunidad dorada para los fan\u00e1ticos de Los Prisioneros. El m\u00fasico, conocido por su papel crucial en la creaci\u00f3n de algunos de los himnos m\u00e1s representativos de los a\u00f1os 80 en Chile, repasar\u00e1 una serie de temas ic\u00f3nicos que definen la esencia de la banda. Cl\u00e1sicos como \u201cLa Voz De Los Ochenta\u201d, \u201cSexo\u201d, \u201c\u00bfQui\u00e9n Mat\u00f3 A Marilyn?\u201d y [&hellip;]<\/p>\n","protected":false},"author":2,"featured_media":25811,"comment_status":"closed","ping_status":"open","sticky":false,"template":"","format":"standard","meta":{"_crdt_document":"","_monsterinsights_skip_tracking":false,"_monsterinsights_sitenote_active":false,"_monsterinsights_sitenote_note":"","_monsterinsights_sitenote_category":0,"_jetpack_memberships_contains_paid_content":false,"footnotes":""},"categories":[8,7,2],"tags":[],"class_list":["post-25810","post","type-post","status-publish","format-standard","has-post-thumbnail","hentry","category-internacional","category-nacional","category-regionales"],"jetpack_featured_media_url":"https:\/\/radiotemuco.com\/home\/wp-content\/uploads\/2026\/03\/Captura-de-pantalla-2026-03-13-055930.png","jetpack_sharing_enabled":true,"_links":{"self":[{"href":"https:\/\/radiotemuco.com\/home\/wp-json\/wp\/v2\/posts\/25810","targetHints":{"allow":["GET"]}}],"collection":[{"href":"https:\/\/radiotemuco.com\/home\/wp-json\/wp\/v2\/posts"}],"about":[{"href":"https:\/\/radiotemuco.com\/home\/wp-json\/wp\/v2\/types\/post"}],"author":[{"embeddable":true,"href":"https:\/\/radiotemuco.com\/home\/wp-json\/wp\/v2\/users\/2"}],"replies":[{"embeddable":true,"href":"https:\/\/radiotemuco.com\/home\/wp-json\/wp\/v2\/comments?post=25810"}],"version-history":[{"count":1,"href":"https:\/\/radiotemuco.com\/home\/wp-json\/wp\/v2\/posts\/25810\/revisions"}],"predecessor-version":[{"id":25812,"href":"https:\/\/radiotemuco.com\/home\/wp-json\/wp\/v2\/posts\/25810\/revisions\/25812"}],"wp:featuredmedia":[{"embeddable":true,"href":"https:\/\/radiotemuco.com\/home\/wp-json\/wp\/v2\/media\/25811"}],"wp:attachment":[{"href":"https:\/\/radiotemuco.com\/home\/wp-json\/wp\/v2\/media?parent=25810"}],"wp:term":[{"taxonomy":"category","embeddable":true,"href":"https:\/\/radiotemuco.com\/home\/wp-json\/wp\/v2\/categories?post=25810"},{"taxonomy":"post_tag","embeddable":true,"href":"https:\/\/radiotemuco.com\/home\/wp-json\/wp\/v2\/tags?post=25810"}],"curies":[{"name":"wp","href":"https:\/\/api.w.org\/{rel}","templated":true}]}}