{"id":25804,"date":"2026-03-13T09:17:05","date_gmt":"2026-03-13T09:17:05","guid":{"rendered":"https:\/\/radiotemuco.com\/home\/?p=25804"},"modified":"2026-03-13T09:17:05","modified_gmt":"2026-03-13T09:17:05","slug":"informacion-de-cortes-de-calles-por-la-maraton-de-temuco-2026-este-fin-de-semana","status":"publish","type":"post","link":"https:\/\/radiotemuco.com\/home\/informacion-de-cortes-de-calles-por-la-maraton-de-temuco-2026-este-fin-de-semana\/","title":{"rendered":"Informaci\u00f3n de cortes de calles por la Marat\u00f3n de Temuco 2026 este fin de semana"},"content":{"rendered":"<p>Este fin de semana Temuco vivir\u00e1 una verdadera fiesta del deporte con la realizaci\u00f3n de la\u00a0<strong>Marat\u00f3n de Temuco 2026<\/strong>, evento que reunir\u00e1 a m\u00e1s de\u00a0<strong>3.000 corredores y m\u00e1s de 4.000 personas durante todo el fin de semana<\/strong>, transformando a la ciudad en uno de los principales puntos de encuentro del running en el sur de Chile.<\/p>\n<p>Las actividades comenzar\u00e1n el\u00a0<strong>s\u00e1bado 14 de marzo<\/strong>, jornada en la que se disputar\u00e1n las distancias\u00a0<strong>5K y 10K<\/strong>, cuyos recorridos se desarrollar\u00e1n principalmente en el sector poniente de la ciudad, pasando por importantes v\u00edas urbanas como\u00a0<strong>Avenida Pablo Neruda, Avenida Gabriela Mistral, Avenida San Mart\u00edn y calles del sector Javiera Carrera<\/strong>, entre otras arterias del circuito.<\/p>\n<p>En materia de tr\u00e1nsito, la organizaci\u00f3n inform\u00f3 que\u00a0<strong>el \u00fanico corte total de calles<\/strong>\u00a0se mantendr\u00e1\u00a0<strong>desde el viernes a las 00:00 horas hasta el domingo<\/strong>, espec\u00edficamente en\u00a0<strong>Avenida Pablo Neruda entre las calles Olimpia y Uruguay<\/strong>, sector donde se ubican las zonas de largada, llegada y parte importante de la operaci\u00f3n log\u00edstica del evento.<\/p>\n<p>En el resto del circuito del s\u00e1bado se aplicar\u00e1n\u00a0<strong>cortes parciales y controlados<\/strong>, permitiendo el desplazamiento vehicular de manera alternada mientras avanza la competencia.<\/p>\n<p>El\u00a0<strong>domingo 15 de marzo<\/strong>\u00a0se desarrollar\u00e1n las distancias mayores de la jornada:\u00a0<strong>21K y 42K marat\u00f3n<\/strong>, recorridos que atravesar\u00e1n distintos sectores de la ciudad incluyendo importantes avenidas como\u00a0<strong>Avenida Alemania, Avenida San Mart\u00edn y Avenida Pablo Neruda<\/strong>, adem\u00e1s de otras v\u00edas estructurales de Temuco.<\/p>\n<p>Para esta jornada tambi\u00e9n se mantendr\u00e1\u00a0<strong>corte total en Avenida Pablo Neruda entre Javiera Carrera y Uruguay<\/strong>, mientras que en el resto del circuito \u2014incluyendo\u00a0<strong>toda Avenida Alemania<\/strong>\u2014 se aplicar\u00e1 un\u00a0<strong>sistema de cortes parciales o flotantes<\/strong>, es decir, interrupciones moment\u00e1neas del tr\u00e1nsito mientras avanzan los corredores.<\/p>\n<p>Desde la organizaci\u00f3n realizaron un llamado a la comunidad a\u00a0<strong>planificar sus desplazamientos con anticipaci\u00f3n y revisar sus rutas tanto el s\u00e1bado como el domingo<\/strong>, considerando que habr\u00e1 presencia de banderilleros, personal de seguridad y apoyo de distintas instituciones durante el desarrollo de la competencia.<\/p>\n<p>Las\u00a0<strong>largadas de las carreras<\/strong>\u00a0se realizar\u00e1n en los siguientes horarios:<\/p>\n<p><strong>S\u00e1bado 14 de marzo<\/strong><\/p>\n<ul>\n<li>5K \u2013 09:00 horas<\/li>\n<li>10K \u2013 09:00 horas<\/li>\n<\/ul>\n<p><strong>Domingo 15 de marzo<\/strong><\/p>\n<ul>\n<li>42K Marat\u00f3n \u2013 08:00 horas<\/li>\n<li>21K \u2013 08:15 horas<\/li>\n<\/ul>\n<p>La Marat\u00f3n de Temuco se ha consolidado en los \u00faltimos a\u00f1os como uno de los eventos deportivos m\u00e1s importantes del sur del pa\u00eds, convocando a miles de deportistas y generando un importante movimiento deportivo y tur\u00edstico durante todo el fin de semana.<\/p>\n","protected":false},"excerpt":{"rendered":"<p>Este fin de semana Temuco vivir\u00e1 una verdadera fiesta del deporte con la realizaci\u00f3n de la\u00a0Marat\u00f3n de Temuco 2026, evento que reunir\u00e1 a m\u00e1s de\u00a03.000 corredores y m\u00e1s de 4.000 personas durante todo el fin de semana, transformando a la ciudad en uno de los principales puntos de encuentro del running en el sur de Chile. Las actividades comenzar\u00e1n el\u00a0s\u00e1bado 14 de marzo, jornada en la que se disputar\u00e1n las distancias\u00a05K y 10K, cuyos recorridos se desarrollar\u00e1n principalmente en el sector poniente de la ciudad, pasando por importantes v\u00edas urbanas como\u00a0Avenida Pablo Neruda, Avenida Gabriela Mistral, Avenida San Mart\u00edn y calles [&hellip;]<\/p>\n","protected":false},"author":2,"featured_media":25805,"comment_status":"closed","ping_status":"open","sticky":false,"template":"","format":"standard","meta":{"_crdt_document":"","_monsterinsights_skip_tracking":false,"_monsterinsights_sitenote_active":false,"_monsterinsights_sitenote_note":"","_monsterinsights_sitenote_category":0,"_jetpack_memberships_contains_paid_content":false,"footnotes":""},"categories":[3,8,7,2],"tags":[],"class_list":["post-25804","post","type-post","status-publish","format-standard","has-post-thumbnail","hentry","category-deportivas","category-internacional","category-nacional","category-regionales"],"jetpack_featured_media_url":"https:\/\/radiotemuco.com\/home\/wp-content\/uploads\/2026\/03\/Captura-de-pantalla-2026-03-13-060750.png","jetpack_sharing_enabled":true,"_links":{"self":[{"href":"https:\/\/radiotemuco.com\/home\/wp-json\/wp\/v2\/posts\/25804","targetHints":{"allow":["GET"]}}],"collection":[{"href":"https:\/\/radiotemuco.com\/home\/wp-json\/wp\/v2\/posts"}],"about":[{"href":"https:\/\/radiotemuco.com\/home\/wp-json\/wp\/v2\/types\/post"}],"author":[{"embeddable":true,"href":"https:\/\/radiotemuco.com\/home\/wp-json\/wp\/v2\/users\/2"}],"replies":[{"embeddable":true,"href":"https:\/\/radiotemuco.com\/home\/wp-json\/wp\/v2\/comments?post=25804"}],"version-history":[{"count":1,"href":"https:\/\/radiotemuco.com\/home\/wp-json\/wp\/v2\/posts\/25804\/revisions"}],"predecessor-version":[{"id":25806,"href":"https:\/\/radiotemuco.com\/home\/wp-json\/wp\/v2\/posts\/25804\/revisions\/25806"}],"wp:featuredmedia":[{"embeddable":true,"href":"https:\/\/radiotemuco.com\/home\/wp-json\/wp\/v2\/media\/25805"}],"wp:attachment":[{"href":"https:\/\/radiotemuco.com\/home\/wp-json\/wp\/v2\/media?parent=25804"}],"wp:term":[{"taxonomy":"category","embeddable":true,"href":"https:\/\/radiotemuco.com\/home\/wp-json\/wp\/v2\/categories?post=25804"},{"taxonomy":"post_tag","embeddable":true,"href":"https:\/\/radiotemuco.com\/home\/wp-json\/wp\/v2\/tags?post=25804"}],"curies":[{"name":"wp","href":"https:\/\/api.w.org\/{rel}","templated":true}]}}