{"id":25800,"date":"2026-03-12T10:15:00","date_gmt":"2026-03-12T10:15:00","guid":{"rendered":"https:\/\/radiotemuco.com\/home\/?p=25800"},"modified":"2026-03-12T10:15:00","modified_gmt":"2026-03-12T10:15:00","slug":"pdi-recupera-camion-robado-y-detiene-a-imputado-por-receptacion-en-puren","status":"publish","type":"post","link":"https:\/\/radiotemuco.com\/home\/pdi-recupera-camion-robado-y-detiene-a-imputado-por-receptacion-en-puren\/","title":{"rendered":"PDI recupera cami\u00f3n robado y detiene a imputado por receptaci\u00f3n en Pur\u00e9n"},"content":{"rendered":"<p>Detectives de la Brigada de Investigaci\u00f3n Criminal (Bicrim) Traigu\u00e9n, en coordinaci\u00f3n con personal de la Brigada Investigadora de Robos (Biro) Angol y el Ministerio P\u00fablico, lograron la recuperaci\u00f3n de un cami\u00f3n que manten\u00eda encargo vigente por el delito de robo, adem\u00e1s de la detenci\u00f3n de un hombre mayor de edad por el delito de receptaci\u00f3n de veh\u00edculo motorizado y falsificaci\u00f3n o uso malicioso de documentos p\u00fablicos.<\/p>\n<p>El procedimiento se origin\u00f3 a ra\u00edz de una denuncia por la sustracci\u00f3n de un cami\u00f3n marca Mercedes Benz, a\u00f1o 1988, realizada en la Bicrim Pitrufqu\u00e9n el pasado 6 de marzo. Conforme a las diligencias investigativas desarrolladas por los detectives y por instrucci\u00f3n de la Fiscal\u00eda de Flagrancia de Angol, se realizaron diversas indagatorias que permitieron establecer que el veh\u00edculo sustra\u00eddo se encontrar\u00eda en la comuna de Pur\u00e9n.<\/p>\n<p>Con estos antecedentes, se conform\u00f3 un equipo de trabajo multidisciplinario entre detectives de ambas brigadas, quienes junto a la v\u00edctima se trasladaron hasta dicha comuna para verificar la informaci\u00f3n recopilada. En el lugar lograron ubicar el cami\u00f3n, el cual estaba siendo ofrecido para la venta y portaba placas patentes adulteradas.<\/p>\n<p>Al revisar el n\u00famero de chasis, los oficiales policiales confirmaron que correspond\u00eda al veh\u00edculo denunciado como robado en el a\u00f1o 2017 y que manten\u00eda encargo vigente por el delito de robo. Asimismo, se estableci\u00f3 que las placas patentes instaladas correspond\u00edan a otro veh\u00edculo de similares caracter\u00edsticas, pero sin encargo policial.<\/p>\n<p>Por estos hechos, se procedi\u00f3 a la detenci\u00f3n de un imputado de nacionalidad chilena, mayor de edad, por su responsabilidad en el delito flagrante de receptaci\u00f3n de veh\u00edculo motorizado y falsificaci\u00f3n o uso malicioso de documentos p\u00fablicos, adem\u00e1s de la incautaci\u00f3n del cami\u00f3n y las placas patentes utilizadas.<\/p>\n<p>El veh\u00edculo recuperado fue avaluado en aproximadamente 8 millones de pesos, mientras que el imputado fue puesto a disposici\u00f3n del Juzgado de Garant\u00eda correspondiente para su respectivo control de detenci\u00f3n.<\/p>\n","protected":false},"excerpt":{"rendered":"<p>Detectives de la Brigada de Investigaci\u00f3n Criminal (Bicrim) Traigu\u00e9n, en coordinaci\u00f3n con personal de la Brigada Investigadora de Robos (Biro) Angol y el Ministerio P\u00fablico, lograron la recuperaci\u00f3n de un cami\u00f3n que manten\u00eda encargo vigente por el delito de robo, adem\u00e1s de la detenci\u00f3n de un hombre mayor de edad por el delito de receptaci\u00f3n de veh\u00edculo motorizado y falsificaci\u00f3n o uso malicioso de documentos p\u00fablicos. El procedimiento se origin\u00f3 a ra\u00edz de una denuncia por la sustracci\u00f3n de un cami\u00f3n marca Mercedes Benz, a\u00f1o 1988, realizada en la Bicrim Pitrufqu\u00e9n el pasado 6 de marzo. Conforme a las diligencias investigativas [&hellip;]<\/p>\n","protected":false},"author":2,"featured_media":25801,"comment_status":"closed","ping_status":"open","sticky":false,"template":"","format":"standard","meta":{"_crdt_document":"","_monsterinsights_skip_tracking":false,"_monsterinsights_sitenote_active":false,"_monsterinsights_sitenote_note":"","_monsterinsights_sitenote_category":0,"_jetpack_memberships_contains_paid_content":false,"footnotes":""},"categories":[8,7,2],"tags":[],"class_list":["post-25800","post","type-post","status-publish","format-standard","has-post-thumbnail","hentry","category-internacional","category-nacional","category-regionales"],"jetpack_featured_media_url":"https:\/\/radiotemuco.com\/home\/wp-content\/uploads\/2026\/03\/WhatsApp-Image-2026-03-10-at-08.55.00.jpeg","jetpack_sharing_enabled":true,"_links":{"self":[{"href":"https:\/\/radiotemuco.com\/home\/wp-json\/wp\/v2\/posts\/25800","targetHints":{"allow":["GET"]}}],"collection":[{"href":"https:\/\/radiotemuco.com\/home\/wp-json\/wp\/v2\/posts"}],"about":[{"href":"https:\/\/radiotemuco.com\/home\/wp-json\/wp\/v2\/types\/post"}],"author":[{"embeddable":true,"href":"https:\/\/radiotemuco.com\/home\/wp-json\/wp\/v2\/users\/2"}],"replies":[{"embeddable":true,"href":"https:\/\/radiotemuco.com\/home\/wp-json\/wp\/v2\/comments?post=25800"}],"version-history":[{"count":1,"href":"https:\/\/radiotemuco.com\/home\/wp-json\/wp\/v2\/posts\/25800\/revisions"}],"predecessor-version":[{"id":25802,"href":"https:\/\/radiotemuco.com\/home\/wp-json\/wp\/v2\/posts\/25800\/revisions\/25802"}],"wp:featuredmedia":[{"embeddable":true,"href":"https:\/\/radiotemuco.com\/home\/wp-json\/wp\/v2\/media\/25801"}],"wp:attachment":[{"href":"https:\/\/radiotemuco.com\/home\/wp-json\/wp\/v2\/media?parent=25800"}],"wp:term":[{"taxonomy":"category","embeddable":true,"href":"https:\/\/radiotemuco.com\/home\/wp-json\/wp\/v2\/categories?post=25800"},{"taxonomy":"post_tag","embeddable":true,"href":"https:\/\/radiotemuco.com\/home\/wp-json\/wp\/v2\/tags?post=25800"}],"curies":[{"name":"wp","href":"https:\/\/api.w.org\/{rel}","templated":true}]}}