{"id":25797,"date":"2026-03-12T09:58:07","date_gmt":"2026-03-12T09:58:07","guid":{"rendered":"https:\/\/radiotemuco.com\/home\/?p=25797"},"modified":"2026-03-12T09:58:07","modified_gmt":"2026-03-12T09:58:07","slug":"banda-los-viking-5-encabeza-la-fiesta-este-viernes-en-dreams","status":"publish","type":"post","link":"https:\/\/radiotemuco.com\/home\/banda-los-viking-5-encabeza-la-fiesta-este-viernes-en-dreams\/","title":{"rendered":"Banda \u201cLos Viking 5\u201d encabeza  la fiesta este viernes en Dreams"},"content":{"rendered":"<p>Hijo de uno de los fundadores del afamado grupo musical adelanta detalles del show que tendr\u00e1 lugar en el escenario del Restobar Lucky 7.<\/p>\n<p>Muchas generaciones saben que el grupo musical Los Viking 5 es de Coquimbo y que sus or\u00edgenes est\u00e1n \u00edntimamente ligados a la playa La Herradura. Es m\u00e1s, de seguro no existe ning\u00fan adulto que hoy tenga sobre los 30 a\u00f1os de edad que no haya bailado alguna vez su ritmo en un cumplea\u00f1os, matrimonio o celebraci\u00f3n familiar.\u00a0 Lo que si poco se conoce es la historia de su formaci\u00f3n. De c\u00f3mo un grupo de amigos, amantes de la m\u00fasica, logr\u00f3 fusionar sus talentos para transformarse en todo un \u00edcono de la cumbia chilena con canciones que, como dice \u00c1ngel, de la dinast\u00eda Nu\u00f1ez, uno de sus actuales integrantes, est\u00e1n en el ADN de la gente. \u201cSin temor a equivocarme creo que los cl\u00e1sicos de Los Viking 5 son parte de la banda sonora del pueblo chileno. Siempre una canci\u00f3n nuestra te va hacer viajar a un momento importante de tu vida\u201d, confiesa con especial convicci\u00f3n.<\/p>\n<p>Corr\u00eda 1969 cuando el padre de nuestro entrevistado, el recordado Juan \u201cChag\u00fca\u201d N\u00fa\u00f1ez, instal\u00f3 una muebler\u00eda en el patio de su casa, lugar al que acud\u00edan a diario cuatro amigos amantes de la m\u00fasica, incluido su hermano Juan. A poco andar transformaron el lugar en un verdadero escenario, testigo fiel de la fundaci\u00f3n del grupo musical. \u201cPonerle nombre a la banda fue muy f\u00e1cil. Recuerdo que hab\u00eda una lancha varada en La Herradura con el nombre de Viking, y como eran 5 integrantes, qued\u00f3 como Viking 5\u201d, record\u00f3 \u00c1ngel, actual animador y coro del grupo.<\/p>\n<p>Los Viking 5 regresan para una cita imperdible si se trata de bailar al ritmo de cl\u00e1sicos como \u201cSe Va La Vida\u201d, \u201cEse Barco Entrando En La Bah\u00eda\u201d , \u201cQue Buena est\u00e1 Tu Hermana\u201d, \u201cPara Qu\u00e9 llorar , Para Qu\u00e9 Sufrir\u201d, \u201cBoquita de Caramelo\u201d, m\u00e1s conocida como \u201cTus Besos Son\u201d ,\u00a0 \u201cLa Gallina No\u201d y por supuesto su tema \u00edcono \u201cDe Coquimbo Soy\u201d, entre tantos otros, incluido su nuevo hit titulado \u201cCurao No Vale\u201d, repertorio \u00a0que de seguro har\u00e1 de la noche del viernes \u00a0\u00a0toda una fiesta.<\/p>\n<p>La presentaci\u00f3n de Los Viking 5 en el escenario ubicado al interior de la sala de juegos del casino puntarenense contar\u00e1 con la presencia del equipo completo integrado por su m\u00e1s antiguo integrante, Eduardo Macuada, guitarrista con 49 a\u00f1os en el grupo; Edson N\u00fa\u00f1ez, contrabajo y director musical y su hermano \u00c1ngel, animador y coros, ambos hijos del \u201cChag\u00fca\u201d con 40 a\u00f1os y 27 a\u00f1os de permanencia respectivamente. Franco Cort\u00e9s, tecladista y arreglador hace 3 d\u00e9cadas; Pedro Barraza, vocalista desde el a\u00f1o 2002; \u00c9lder N\u00fa\u00f1ez, Nieto del Chag\u00fca, quien lleva 15 a\u00f1os en percusi\u00f3n y voz de los temas que no son cumbias, Francisco Contreras en la Huira y Juan Donaire en timbaletas y bater\u00eda con 12 a\u00f1os de historia en el grupo musical.<\/p>\n<p>\u201cSer\u00e1 un show donde reviviremos esos momentos lindos de la vida, esos de fiesta que no se olvidan. Nosotros hacemos un espect\u00e1culo muy entretenido que no s\u00f3lo incluye canciones. Nos divertimos junto a la gente, jugamos con el p\u00fablico, hacemos regalos, siempre con el af\u00e1n de motivar a pasarlo bien con a la escuela musical de la cumbia y la guitarra en Chile\u201d, concluy\u00f3 diciendo \u00c1ngel N\u00fa\u00f1ez.<\/p>\n<p>El espect\u00e1culo arrancar\u00e1 pasadas las 22:00 horas y el acceso es gratis con la entrada al casino, cuyo importe total es en beneficio fiscal.<\/p>\n","protected":false},"excerpt":{"rendered":"<p>Hijo de uno de los fundadores del afamado grupo musical adelanta detalles del show que tendr\u00e1 lugar en el escenario del Restobar Lucky 7. Muchas generaciones saben que el grupo musical Los Viking 5 es de Coquimbo y que sus or\u00edgenes est\u00e1n \u00edntimamente ligados a la playa La Herradura. Es m\u00e1s, de seguro no existe ning\u00fan adulto que hoy tenga sobre los 30 a\u00f1os de edad que no haya bailado alguna vez su ritmo en un cumplea\u00f1os, matrimonio o celebraci\u00f3n familiar.\u00a0 Lo que si poco se conoce es la historia de su formaci\u00f3n. De c\u00f3mo un grupo de amigos, amantes de [&hellip;]<\/p>\n","protected":false},"author":2,"featured_media":25798,"comment_status":"closed","ping_status":"open","sticky":false,"template":"","format":"standard","meta":{"_crdt_document":"","_monsterinsights_skip_tracking":false,"_monsterinsights_sitenote_active":false,"_monsterinsights_sitenote_note":"","_monsterinsights_sitenote_category":0,"_jetpack_memberships_contains_paid_content":false,"footnotes":""},"categories":[8,7,2],"tags":[],"class_list":["post-25797","post","type-post","status-publish","format-standard","has-post-thumbnail","hentry","category-internacional","category-nacional","category-regionales"],"jetpack_featured_media_url":"https:\/\/radiotemuco.com\/home\/wp-content\/uploads\/2026\/03\/foto-viking-5-anos-2026.jpg","jetpack_sharing_enabled":true,"_links":{"self":[{"href":"https:\/\/radiotemuco.com\/home\/wp-json\/wp\/v2\/posts\/25797","targetHints":{"allow":["GET"]}}],"collection":[{"href":"https:\/\/radiotemuco.com\/home\/wp-json\/wp\/v2\/posts"}],"about":[{"href":"https:\/\/radiotemuco.com\/home\/wp-json\/wp\/v2\/types\/post"}],"author":[{"embeddable":true,"href":"https:\/\/radiotemuco.com\/home\/wp-json\/wp\/v2\/users\/2"}],"replies":[{"embeddable":true,"href":"https:\/\/radiotemuco.com\/home\/wp-json\/wp\/v2\/comments?post=25797"}],"version-history":[{"count":1,"href":"https:\/\/radiotemuco.com\/home\/wp-json\/wp\/v2\/posts\/25797\/revisions"}],"predecessor-version":[{"id":25799,"href":"https:\/\/radiotemuco.com\/home\/wp-json\/wp\/v2\/posts\/25797\/revisions\/25799"}],"wp:featuredmedia":[{"embeddable":true,"href":"https:\/\/radiotemuco.com\/home\/wp-json\/wp\/v2\/media\/25798"}],"wp:attachment":[{"href":"https:\/\/radiotemuco.com\/home\/wp-json\/wp\/v2\/media?parent=25797"}],"wp:term":[{"taxonomy":"category","embeddable":true,"href":"https:\/\/radiotemuco.com\/home\/wp-json\/wp\/v2\/categories?post=25797"},{"taxonomy":"post_tag","embeddable":true,"href":"https:\/\/radiotemuco.com\/home\/wp-json\/wp\/v2\/tags?post=25797"}],"curies":[{"name":"wp","href":"https:\/\/api.w.org\/{rel}","templated":true}]}}