{"id":25794,"date":"2026-03-12T09:43:31","date_gmt":"2026-03-12T09:43:31","guid":{"rendered":"https:\/\/radiotemuco.com\/home\/?p=25794"},"modified":"2026-03-12T09:43:31","modified_gmt":"2026-03-12T09:43:31","slug":"corma-destaca-rol-del-mundo-forestal-en-nuevo-ciclo-politico-que-inicia-chile","status":"publish","type":"post","link":"https:\/\/radiotemuco.com\/home\/corma-destaca-rol-del-mundo-forestal-en-nuevo-ciclo-politico-que-inicia-chile\/","title":{"rendered":"Corma destaca rol del mundo forestal en nuevo ciclo pol\u00edtico que inicia Chile"},"content":{"rendered":"<p style=\"font-weight: 400;\">Frente al cambio de mando presidencial, desde la Corporaci\u00f3n Chilena de la Madera -Corma-, saludaron al nuevo Presidente de la Rep\u00fablica, Jos\u00e9 Antonio Kast, y a su equipo de gobierno, dese\u00e1ndoles \u00e9xito en la conducci\u00f3n del pa\u00eds en una etapa marcada por importantes desaf\u00edos econ\u00f3micos, sociales y ambientales.<\/p>\n<p style=\"font-weight: 400;\">Corma representa a peque\u00f1as, medianas y grandes empresas y actores del mundo forestal, que forman parte de una amplia cadena productiva presente especialmente en las regiones del centro sur del pa\u00eds.<\/p>\n<p style=\"font-weight: 400;\">El presidente del gremio, Rodrigo O\u2019Ryan, destac\u00f3 que el nuevo gobierno ha planteado una hoja de ruta para el pa\u00eds. \u201cEl presidente Jos\u00e9 Antonio Kast ha sido muy claro en la agenda de recuperaci\u00f3n y en c\u00f3mo entre todos debemos trabajar para que Chile sea un pa\u00eds pr\u00f3spero, desarrollado y seguro\u201d, se\u00f1al\u00f3.<\/p>\n<p style=\"font-weight: 400;\">En ese contexto, el dirigente gremial afirm\u00f3 que desde el sector forestal existe plena disposici\u00f3n para contribuir a los desaf\u00edos que enfrenta el pa\u00eds. \u201cDesde el sector forestal y espec\u00edficamente desde la Corporaci\u00f3n Chilena de la Madera, nos ponemos a disposici\u00f3n para trabajar y ser parte de este desarrollo y de las nuevas definiciones que necesitamos para un Chile del futuro\u201d, indic\u00f3.<\/p>\n<p style=\"font-weight: 400;\">O\u2019Ryan agreg\u00f3 que el sector forestal puede aportar tanto al desarrollo econ\u00f3mico como a los desaf\u00edos ambientales que enfrenta el pa\u00eds. \u201cEsto implica avanzar en pilares econ\u00f3micos, pero tambi\u00e9n en ejes transversales como la sostenibilidad y el desarrollo social. En ese sentido, el sector forestal tambi\u00e9n puede contribuir a enfrentar la crisis habitacional de nuestro pa\u00eds a trav\u00e9s del impulso del uso de la madera en la construcci\u00f3n, lo que permitir\u00eda al mismo tiempo recuperar empleo, dinamizar la actividad econ\u00f3mica y generar soluciones sostenibles para el bienestar de las personas\u201d, sostuvo.<\/p>\n<p style=\"font-weight: 400;\">El dirigente gremial a\u00f1adi\u00f3 que para avanzar en esa direcci\u00f3n es clave abordar los desaf\u00edos que hoy enfrenta el sector.<\/p>\n<p style=\"font-weight: 400;\">En ese sentido, se\u00f1al\u00f3 que resulta necesario avanzar en mejores condiciones de seguridad en las zonas donde se desarrolla la actividad forestal, as\u00ed como impulsar pol\u00edticas que permitan recuperar la superficie forestal productiva del pa\u00eds, promoviendo la forestaci\u00f3n de nuevos bosques y la reforestaci\u00f3n de \u00e1reas afectadas por incendios.<\/p>\n<p style=\"font-weight: 400;\">Finalmente, el presidente de Corma destac\u00f3 el rol estrat\u00e9gico que cumple el sector en el desarrollo del pa\u00eds. \u201cEl sector forestal es un pilar fundamental para Chile y as\u00ed esperamos que siga siendo\u201d, concluy\u00f3.<\/p>\n","protected":false},"excerpt":{"rendered":"<p>Frente al cambio de mando presidencial, desde la Corporaci\u00f3n Chilena de la Madera -Corma-, saludaron al nuevo Presidente de la Rep\u00fablica, Jos\u00e9 Antonio Kast, y a su equipo de gobierno, dese\u00e1ndoles \u00e9xito en la conducci\u00f3n del pa\u00eds en una etapa marcada por importantes desaf\u00edos econ\u00f3micos, sociales y ambientales. Corma representa a peque\u00f1as, medianas y grandes empresas y actores del mundo forestal, que forman parte de una amplia cadena productiva presente especialmente en las regiones del centro sur del pa\u00eds. El presidente del gremio, Rodrigo O\u2019Ryan, destac\u00f3 que el nuevo gobierno ha planteado una hoja de ruta para el pa\u00eds. \u201cEl presidente [&hellip;]<\/p>\n","protected":false},"author":2,"featured_media":25795,"comment_status":"closed","ping_status":"open","sticky":false,"template":"","format":"standard","meta":{"_crdt_document":"","_monsterinsights_skip_tracking":false,"_monsterinsights_sitenote_active":false,"_monsterinsights_sitenote_note":"","_monsterinsights_sitenote_category":0,"_jetpack_memberships_contains_paid_content":false,"footnotes":""},"categories":[8,7,2],"tags":[],"class_list":["post-25794","post","type-post","status-publish","format-standard","has-post-thumbnail","hentry","category-internacional","category-nacional","category-regionales"],"jetpack_featured_media_url":"https:\/\/radiotemuco.com\/home\/wp-content\/uploads\/2026\/03\/Corma-destaca-rol-del-mundo-forestal-en-nuevo-ciclo-politico-que-inicia-Chile-2.jpg","jetpack_sharing_enabled":true,"_links":{"self":[{"href":"https:\/\/radiotemuco.com\/home\/wp-json\/wp\/v2\/posts\/25794","targetHints":{"allow":["GET"]}}],"collection":[{"href":"https:\/\/radiotemuco.com\/home\/wp-json\/wp\/v2\/posts"}],"about":[{"href":"https:\/\/radiotemuco.com\/home\/wp-json\/wp\/v2\/types\/post"}],"author":[{"embeddable":true,"href":"https:\/\/radiotemuco.com\/home\/wp-json\/wp\/v2\/users\/2"}],"replies":[{"embeddable":true,"href":"https:\/\/radiotemuco.com\/home\/wp-json\/wp\/v2\/comments?post=25794"}],"version-history":[{"count":1,"href":"https:\/\/radiotemuco.com\/home\/wp-json\/wp\/v2\/posts\/25794\/revisions"}],"predecessor-version":[{"id":25796,"href":"https:\/\/radiotemuco.com\/home\/wp-json\/wp\/v2\/posts\/25794\/revisions\/25796"}],"wp:featuredmedia":[{"embeddable":true,"href":"https:\/\/radiotemuco.com\/home\/wp-json\/wp\/v2\/media\/25795"}],"wp:attachment":[{"href":"https:\/\/radiotemuco.com\/home\/wp-json\/wp\/v2\/media?parent=25794"}],"wp:term":[{"taxonomy":"category","embeddable":true,"href":"https:\/\/radiotemuco.com\/home\/wp-json\/wp\/v2\/categories?post=25794"},{"taxonomy":"post_tag","embeddable":true,"href":"https:\/\/radiotemuco.com\/home\/wp-json\/wp\/v2\/tags?post=25794"}],"curies":[{"name":"wp","href":"https:\/\/api.w.org\/{rel}","templated":true}]}}