{"id":25772,"date":"2026-03-10T09:20:41","date_gmt":"2026-03-10T09:20:41","guid":{"rendered":"https:\/\/radiotemuco.com\/home\/?p=25772"},"modified":"2026-03-10T09:20:41","modified_gmt":"2026-03-10T09:20:41","slug":"sagra-carretada-capitan-pastene-2026-bate-record-de-asistentes","status":"publish","type":"post","link":"https:\/\/radiotemuco.com\/home\/sagra-carretada-capitan-pastene-2026-bate-record-de-asistentes\/","title":{"rendered":"\u201cSagra &#038; Carretada Capit\u00e1n Pastene 2026\u201d bate r\u00e9cord de asistentes"},"content":{"rendered":"<p style=\"font-weight: 400;\">\u00c9xito total, ese es el calificativo de la \u201cSagra &amp; Carretada Capit\u00e1n Pastene 2026\u201d, que se realiz\u00f3 en esta localidad de la comuna de Lumaco el reciente fin de semana y que bati\u00f3 cifras anteriores de asistentes.<\/p>\n<p style=\"font-weight: 400;\">En la edici\u00f3n de este a\u00f1o, fueron m\u00e1s de 25 mil las personas que participaron de este evento, que recuerda la llegada de los colonos italianos a esta localidad y que dentro de sus actividades cont\u00f3 con la carretada que recuerda el trazado que realizaron las familias italianas al llegar a la zona, la presencia de los stands con gastronom\u00eda t\u00edpica italiana, competencias y el show art\u00edstico, que cont\u00f3 con la presencia de artistas destacados.<\/p>\n<p style=\"font-weight: 400;\">As\u00ed desde la Corporaci\u00f3n Cultural Giuseppe Verdi, junto con el municipio, se mostraron felices por lo vivido en esta edici\u00f3n y que demuestra que este evento lleg\u00f3 para quedarse y que a\u00f1o a a\u00f1o, son miles de personas de distintos puntos del pa\u00eds que llegan para disfrutar de esta tradicional fiesta que se enmarca dentro del aniversario de Capit\u00e1n Pastene que este a\u00f1o cumpli\u00f3 122 a\u00f1os.<\/p>\n<p style=\"font-weight: 400;\">Mabel Flores Cantergiani, Presidenta de la Corporaci\u00f3n Cultural Giuseppe Verdi, indic\u00f3 que esto demuestra el aporte que realiza Capit\u00e1n Pastene al desarrollo del turismo regional, con la historia y que se gr\u00e1fica en esta fiesta.<\/p>\n<p style=\"font-weight: 400;\">\u201cEsta colonia ha hecho un aporte a la regi\u00f3n cultural, econ\u00f3mico y social, por eso vivimos la italianidad a concho, porque es lo que nosotros heredamos de esta historia que la hacemos presentes, porque es parte de la historia de la comunidad que vivimos todo en la comuna y la regi\u00f3n, nosotros somos un aporte importante para toda La Araucan\u00eda\u201d, indic\u00f3 Mabel Flores Cantergiani.<\/p>\n<p style=\"font-weight: 400;\">Por su parte el alcalde de Lumaco, Richard Leonelli Contreras, indic\u00f3 que est\u00e1n felices porque los asistentes reconocen todo lo que significa Capit\u00e1n Pastene en el rescate de la historia y m\u00e1s en estos 122 a\u00f1os que se cumplieron este 2026.<\/p>\n<p style=\"font-weight: 400;\">\u201cContestos porque se cumplen 122 a\u00f1os de historia desde que se fund\u00f3 nuestra querida localidad, as\u00ed que estamos felices porque se ha reconocido el trabajo que realizan cada una de las instituciones y en particular la Corporaci\u00f3n Cultural Giuseppe Verdi, que es la instituci\u00f3n que se lleva el peso de rescatar la localidad, no s\u00f3lo en el aniversario, sino que todo el a\u00f1o\u201d, puntualiz\u00f3 el alcalde tras el positivo balance realizado.<\/p>\n<p style=\"font-weight: 400;\">As\u00ed y con miles de visitas de la regi\u00f3n y de diferentes partes del pa\u00eds, sumado a la presencia de autoridades comunales y regionales, pudieron disfrutar de todo lo que signific\u00f3 la \u201cSagra &amp; Carretada 2026\u201d de Capit\u00e1n Pastene.<\/p>\n","protected":false},"excerpt":{"rendered":"<p>\u00c9xito total, ese es el calificativo de la \u201cSagra &amp; Carretada Capit\u00e1n Pastene 2026\u201d, que se realiz\u00f3 en esta localidad de la comuna de Lumaco el reciente fin de semana y que bati\u00f3 cifras anteriores de asistentes. En la edici\u00f3n de este a\u00f1o, fueron m\u00e1s de 25 mil las personas que participaron de este evento, que recuerda la llegada de los colonos italianos a esta localidad y que dentro de sus actividades cont\u00f3 con la carretada que recuerda el trazado que realizaron las familias italianas al llegar a la zona, la presencia de los stands con gastronom\u00eda t\u00edpica italiana, competencias y [&hellip;]<\/p>\n","protected":false},"author":2,"featured_media":25773,"comment_status":"closed","ping_status":"open","sticky":false,"template":"","format":"standard","meta":{"_crdt_document":"","_monsterinsights_skip_tracking":false,"_monsterinsights_sitenote_active":false,"_monsterinsights_sitenote_note":"","_monsterinsights_sitenote_category":0,"_jetpack_memberships_contains_paid_content":false,"footnotes":""},"categories":[8,7,2],"tags":[],"class_list":["post-25772","post","type-post","status-publish","format-standard","has-post-thumbnail","hentry","category-internacional","category-nacional","category-regionales"],"jetpack_featured_media_url":"https:\/\/radiotemuco.com\/home\/wp-content\/uploads\/2026\/03\/Sagra-Carretada-aerea--scaled.jpg","jetpack_sharing_enabled":true,"_links":{"self":[{"href":"https:\/\/radiotemuco.com\/home\/wp-json\/wp\/v2\/posts\/25772","targetHints":{"allow":["GET"]}}],"collection":[{"href":"https:\/\/radiotemuco.com\/home\/wp-json\/wp\/v2\/posts"}],"about":[{"href":"https:\/\/radiotemuco.com\/home\/wp-json\/wp\/v2\/types\/post"}],"author":[{"embeddable":true,"href":"https:\/\/radiotemuco.com\/home\/wp-json\/wp\/v2\/users\/2"}],"replies":[{"embeddable":true,"href":"https:\/\/radiotemuco.com\/home\/wp-json\/wp\/v2\/comments?post=25772"}],"version-history":[{"count":1,"href":"https:\/\/radiotemuco.com\/home\/wp-json\/wp\/v2\/posts\/25772\/revisions"}],"predecessor-version":[{"id":25774,"href":"https:\/\/radiotemuco.com\/home\/wp-json\/wp\/v2\/posts\/25772\/revisions\/25774"}],"wp:featuredmedia":[{"embeddable":true,"href":"https:\/\/radiotemuco.com\/home\/wp-json\/wp\/v2\/media\/25773"}],"wp:attachment":[{"href":"https:\/\/radiotemuco.com\/home\/wp-json\/wp\/v2\/media?parent=25772"}],"wp:term":[{"taxonomy":"category","embeddable":true,"href":"https:\/\/radiotemuco.com\/home\/wp-json\/wp\/v2\/categories?post=25772"},{"taxonomy":"post_tag","embeddable":true,"href":"https:\/\/radiotemuco.com\/home\/wp-json\/wp\/v2\/tags?post=25772"}],"curies":[{"name":"wp","href":"https:\/\/api.w.org\/{rel}","templated":true}]}}