{"id":25769,"date":"2026-03-10T09:17:27","date_gmt":"2026-03-10T09:17:27","guid":{"rendered":"https:\/\/radiotemuco.com\/home\/?p=25769"},"modified":"2026-03-10T09:17:27","modified_gmt":"2026-03-10T09:17:27","slug":"productores-de-avellano-europeo-se-capacitan-en-manejo-integrado-de-plagas","status":"publish","type":"post","link":"https:\/\/radiotemuco.com\/home\/productores-de-avellano-europeo-se-capacitan-en-manejo-integrado-de-plagas\/","title":{"rendered":"Productores de avellano europeo se capacitan en &#8220;Manejo Integrado de Plagas&#8221;"},"content":{"rendered":"<p>Con una alta convocatoria y activa participaci\u00f3n en terreno, productores de avellano europeo de La Araucan\u00eda se reunieron en la comuna de Cunco para participar del \u201cD\u00eda de Campo Modelo de Gesti\u00f3n Productiva Sostenible en Avellano Europeo y Sistema de Vigilancia de <em>Aegorhinus superciliosus<\/em> y otros Agentes Plagas\u201d, segunda actividad del a\u00f1o 2 del Programa Territorial Integrado (PTI) Araucan\u00eda Frut\u00edcola, financiado por CORFO y que cuenta con SOFO AG como socio estrat\u00e9gico, reforzando estrategias clave para el control de plagas y el monitoreo productivo en la regi\u00f3n.<\/p>\n<p>La jornada combin\u00f3 exposiciones t\u00e9cnicas y trabajo en terreno en el Fundo Tres Arroyos, Comuna de Cunco, generando un espacio de conversaci\u00f3n abierta entre productores, asesores y actores de la cadena de valor, con foco en el manejo de plagas y la importancia del monitoreo para una producci\u00f3n eficiente y sostenible.<\/p>\n<p>Para Eduardo Figueroa, director regional de Corfo Araucan\u00eda, este tipo de instancias son clave para el desarrollo del sector. \u201cComo Corfo, a trav\u00e9s de este PTI Frut\u00edcola, buscamos potenciar la competitividad de los avellaneros para que puedan mejorar sus buenas pr\u00e1cticas y est\u00e1ndares de calidad, todo esto a trav\u00e9s de una gobernanza p\u00fablico-privada\u201d, se\u00f1al\u00f3, destacando el valor de las iniciativas que fortalecen la sustentabilidad y calidad del rubro.<\/p>\n<p>La gerente del PTI Araucan\u00eda Frut\u00edcola, Cynthia Vega Toy, valor\u00f3 la convocatoria y el esp\u00edritu colaborativo de la actividad. \u201cEstamos en el segundo encuentro, segunda actividad del a\u00f1o 2 del PTI Araucan\u00eda Frut\u00edcola y estamos muy contentos por la convocatoria exitosa que ha tenido este D\u00eda de Campo aqu\u00ed en la comuna de Cunco, donde se ha generado una conversaci\u00f3n muy enriquecedora, no solo entre asesores y productores, sino tambi\u00e9n entre los propios productores compartiendo experiencia. Tuvimos un anfitri\u00f3n de lujo, que comparti\u00f3 sus costos e informaci\u00f3n s\u00faper relevante para la toma de decisiones y para manejar el huerto en forma eficiente. Ese es el esp\u00edritu del PTI\u201d, afirm\u00f3.<\/p>\n<p>Asimismo, destac\u00f3 la ejecuci\u00f3n del Programa de Difusi\u00f3n Tecnol\u00f3gica \u00a0(PDT) financiado por Corfo y ejecutado por Biofuturo, enfocado en manejo integrado de plagas con especial atenci\u00f3n en <em>Aegorhinus superciliosus<\/em> \u2014conocido como burrito\u2014 a trav\u00e9s de la iniciativa \u201cStop Burrito\u201d, programa apalancado por el PTI. \u201cEso es lo que busca el programa: integrar y articular a los actores que participan en la cadena de valor, asesores, proveedores de servicios e insumos. Entendiendo que en conjunto podemos alcanzar buenos resultados y hacer que este cultivo sea sostenible para la industria y para el desarrollo econ\u00f3mico de la regi\u00f3n\u201d, agreg\u00f3.<\/p>\n<p>Desde Biofuturo, Liliana Camelio explic\u00f3 que la actividad se enmarc\u00f3 en el PDT de Burrito en Avellano y tuvo como eje central sensibilizar sobre la importancia del monitoreo. \u201cCon un buen monitoreo de plaga no solo logramos sostenibilidad medioambiental, sino tambi\u00e9n sostenibilidad econ\u00f3mica. Hoy tenemos que aplicar de acuerdo a informaci\u00f3n, y esa informaci\u00f3n la entrega el monitoreo. Ese es el mensaje m\u00e1s importante que quer\u00edamos dejar a los productores\u201d, indic\u00f3, valorando adem\u00e1s el rol articulador del PTI para fortalecer el ecosistema frut\u00edcola regional.<\/p>\n<p>En la misma l\u00ednea, el gerente t\u00e9cnico de Biofuturo, Gast\u00f3n Ulloa, detall\u00f3 que la jornada comenz\u00f3 con un recordatorio sobre la biolog\u00eda de la principal plaga que afecta al avellano en la zona centro-sur, con foco en <em>Aegorhinus superciliosus<\/em>. Posteriormente, se presentaron resultados de monitoreos realizados desde septiembre de manera mensual en ocho predios distribuidos en la regi\u00f3n. \u201cTras analizar los resultados, \u00a0entregamos sugerencias de manejo en control qu\u00edmico y medidas culturales. El an\u00e1lisis econ\u00f3mico en costo-beneficio marca una tendencia positiva para los productores\u201d, explic\u00f3.<\/p>\n<p>Como socio estrat\u00e9gico del programa, Carlo Rojas, secretario ejecutivo de SOFO AG, subray\u00f3 el compromiso del gremio con el desarrollo del rubro. \u201cEstamos trabajando por segundo a\u00f1o consecutivo con el PTI para promover y potenciar este cultivo de tremenda relevancia para La Araucan\u00eda. El avellano europeo tiene muy buenas expectativas comerciales, por lo que siempre vamos a estar apoyando este tipo de actividades\u201d, afirm\u00f3, destacando el ejemplo productivo del predio anfitri\u00f3n de la actividad.<\/p>\n<p>Precisamente, el productor Alejandro de la Fuente, quien cuenta con 150 hect\u00e1reas de avellano europeo en el Fundo Tres Arroyos, valor\u00f3 la instancia como un espacio clave de aprendizaje. \u201cEstas reuniones son un punto de encuentro para compartir experiencias, tecnolog\u00eda y visiones diferentes. Hay gente que est\u00e1 entrando al negocio y otros que llevan a\u00f1os. Compartir es ganar, todos salimos nutridos de informaci\u00f3n y con ganas de innovar\u201d, sostuvo.<\/p>\n<p>De la Fuente tambi\u00e9n resalt\u00f3 su experiencia participando en distintos instrumentos de fomento impulsados por Corfo y financiados por el Gobierno regional de La Araucan\u00eda \u00a0, adem\u00e1s de concursos de riego y tecnolog\u00eda. \u201cHay que estar pendiente, ser ordenado y paciente. Participar en estos programas permite enterarse de nuevas oportunidades y apoyarnos entre productores\u201d, coment\u00f3.<\/p>\n<p>El PTI Araucan\u00eda Frut\u00edcola tiene como objetivo fortalecer la competitividad del sector frut\u00edcola regional, promoviendo la incorporaci\u00f3n de pr\u00e1cticas sostenibles que permitan una producci\u00f3n eficiente de avellano europeo, cerezos y berries, asegurando calidad, valor agregado y encadenamiento productivo.<\/p>\n<p>Se trata de un programa financiado por Corfo que cuenta con el apoyo del programa Araucan\u00eda Frut\u00edcola de INIA Carillanca, SOFO A.G., INDAP Araucan\u00eda y Agrichile como socios estrat\u00e9gicos en su ejecuci\u00f3n. Su meta es consolidar a La Araucan\u00eda como un polo de desarrollo frut\u00edcola, contribuyendo al crecimiento econ\u00f3mico sostenible de la regi\u00f3n a trav\u00e9s de una articulaci\u00f3n p\u00fablico-privada efectiva y colaborativa.<\/p>\n","protected":false},"excerpt":{"rendered":"<p>Con una alta convocatoria y activa participaci\u00f3n en terreno, productores de avellano europeo de La Araucan\u00eda se reunieron en la comuna de Cunco para participar del \u201cD\u00eda de Campo Modelo de Gesti\u00f3n Productiva Sostenible en Avellano Europeo y Sistema de Vigilancia de Aegorhinus superciliosus y otros Agentes Plagas\u201d, segunda actividad del a\u00f1o 2 del Programa Territorial Integrado (PTI) Araucan\u00eda Frut\u00edcola, financiado por CORFO y que cuenta con SOFO AG como socio estrat\u00e9gico, reforzando estrategias clave para el control de plagas y el monitoreo productivo en la regi\u00f3n. La jornada combin\u00f3 exposiciones t\u00e9cnicas y trabajo en terreno en el Fundo Tres Arroyos, [&hellip;]<\/p>\n","protected":false},"author":2,"featured_media":25770,"comment_status":"closed","ping_status":"open","sticky":false,"template":"","format":"standard","meta":{"_crdt_document":"","_monsterinsights_skip_tracking":false,"_monsterinsights_sitenote_active":false,"_monsterinsights_sitenote_note":"","_monsterinsights_sitenote_category":0,"_jetpack_memberships_contains_paid_content":false,"footnotes":""},"categories":[8,7,2],"tags":[],"class_list":["post-25769","post","type-post","status-publish","format-standard","has-post-thumbnail","hentry","category-internacional","category-nacional","category-regionales"],"jetpack_featured_media_url":"https:\/\/radiotemuco.com\/home\/wp-content\/uploads\/2026\/03\/WhatsApp-Image-2026-03-03-at-18.13.29-2.jpeg","jetpack_sharing_enabled":true,"_links":{"self":[{"href":"https:\/\/radiotemuco.com\/home\/wp-json\/wp\/v2\/posts\/25769","targetHints":{"allow":["GET"]}}],"collection":[{"href":"https:\/\/radiotemuco.com\/home\/wp-json\/wp\/v2\/posts"}],"about":[{"href":"https:\/\/radiotemuco.com\/home\/wp-json\/wp\/v2\/types\/post"}],"author":[{"embeddable":true,"href":"https:\/\/radiotemuco.com\/home\/wp-json\/wp\/v2\/users\/2"}],"replies":[{"embeddable":true,"href":"https:\/\/radiotemuco.com\/home\/wp-json\/wp\/v2\/comments?post=25769"}],"version-history":[{"count":1,"href":"https:\/\/radiotemuco.com\/home\/wp-json\/wp\/v2\/posts\/25769\/revisions"}],"predecessor-version":[{"id":25771,"href":"https:\/\/radiotemuco.com\/home\/wp-json\/wp\/v2\/posts\/25769\/revisions\/25771"}],"wp:featuredmedia":[{"embeddable":true,"href":"https:\/\/radiotemuco.com\/home\/wp-json\/wp\/v2\/media\/25770"}],"wp:attachment":[{"href":"https:\/\/radiotemuco.com\/home\/wp-json\/wp\/v2\/media?parent=25769"}],"wp:term":[{"taxonomy":"category","embeddable":true,"href":"https:\/\/radiotemuco.com\/home\/wp-json\/wp\/v2\/categories?post=25769"},{"taxonomy":"post_tag","embeddable":true,"href":"https:\/\/radiotemuco.com\/home\/wp-json\/wp\/v2\/tags?post=25769"}],"curies":[{"name":"wp","href":"https:\/\/api.w.org\/{rel}","templated":true}]}}