{"id":25766,"date":"2026-03-10T09:02:59","date_gmt":"2026-03-10T09:02:59","guid":{"rendered":"https:\/\/radiotemuco.com\/home\/?p=25766"},"modified":"2026-03-10T09:02:59","modified_gmt":"2026-03-10T09:02:59","slug":"deportes-temuco-empato-frente-a-copiapo-en-el-norte","status":"publish","type":"post","link":"https:\/\/radiotemuco.com\/home\/deportes-temuco-empato-frente-a-copiapo-en-el-norte\/","title":{"rendered":"Deportes Temuco empat\u00f3 frente a Copiap\u00f3 en el norte"},"content":{"rendered":"<p>El empate 1-1 entre Deportes Copiap\u00f3 y Deportes Temuco en el estadio Luis Valenzuela Hermosilla cerr\u00f3 una nueva jornada en la Liga de Ascenso, resultado que provoc\u00f3 movimientos en la tabla de posiciones.<\/p>\n<p>El cuadro atacame\u00f1o logr\u00f3 rescatar un punto sobre el final del encuentro gracias al gol de Nozomi Kimura, lo que le permite mantenerse en la parte media de la clasificaci\u00f3n.<\/p>\n<p>Por su parte, Deportes Temuco, que se hab\u00eda adelantado en el marcador con un tanto de Brayan Valdivia, sum\u00f3 un punto que lo deja moment\u00e1neamente en la zona baja de la tabla. Cuando el partido entraba en su recta final y Temuco ten\u00eda pr\u00e1cticamente asegurada la victoria, Deportes Copiap\u00f3 logr\u00f3 el empate en el minuto 95.<\/p>\n<p>Con este resultado, Deportes Temuco queda en la decimotercera posici\u00f3n con dos unidades.<\/p>\n<p>En la pr\u00f3xima fecha, el albiverde viajar\u00e1 hasta San Bernardo para enfrentar a Magallanes el 14 de marzo a las 18:00 horas.<\/p>\n<p>&nbsp;<\/p>\n","protected":false},"excerpt":{"rendered":"<p>El empate 1-1 entre Deportes Copiap\u00f3 y Deportes Temuco en el estadio Luis Valenzuela Hermosilla cerr\u00f3 una nueva jornada en la Liga de Ascenso, resultado que provoc\u00f3 movimientos en la tabla de posiciones. El cuadro atacame\u00f1o logr\u00f3 rescatar un punto sobre el final del encuentro gracias al gol de Nozomi Kimura, lo que le permite mantenerse en la parte media de la clasificaci\u00f3n. Por su parte, Deportes Temuco, que se hab\u00eda adelantado en el marcador con un tanto de Brayan Valdivia, sum\u00f3 un punto que lo deja moment\u00e1neamente en la zona baja de la tabla. Cuando el partido entraba en su [&hellip;]<\/p>\n","protected":false},"author":2,"featured_media":25767,"comment_status":"closed","ping_status":"open","sticky":false,"template":"","format":"standard","meta":{"_crdt_document":"","_monsterinsights_skip_tracking":false,"_monsterinsights_sitenote_active":false,"_monsterinsights_sitenote_note":"","_monsterinsights_sitenote_category":0,"_jetpack_memberships_contains_paid_content":false,"footnotes":""},"categories":[3,8,7,2],"tags":[],"class_list":["post-25766","post","type-post","status-publish","format-standard","has-post-thumbnail","hentry","category-deportivas","category-internacional","category-nacional","category-regionales"],"jetpack_featured_media_url":"https:\/\/radiotemuco.com\/home\/wp-content\/uploads\/2026\/03\/Captura-de-pantalla-2026-03-10-055554.png","jetpack_sharing_enabled":true,"_links":{"self":[{"href":"https:\/\/radiotemuco.com\/home\/wp-json\/wp\/v2\/posts\/25766","targetHints":{"allow":["GET"]}}],"collection":[{"href":"https:\/\/radiotemuco.com\/home\/wp-json\/wp\/v2\/posts"}],"about":[{"href":"https:\/\/radiotemuco.com\/home\/wp-json\/wp\/v2\/types\/post"}],"author":[{"embeddable":true,"href":"https:\/\/radiotemuco.com\/home\/wp-json\/wp\/v2\/users\/2"}],"replies":[{"embeddable":true,"href":"https:\/\/radiotemuco.com\/home\/wp-json\/wp\/v2\/comments?post=25766"}],"version-history":[{"count":1,"href":"https:\/\/radiotemuco.com\/home\/wp-json\/wp\/v2\/posts\/25766\/revisions"}],"predecessor-version":[{"id":25768,"href":"https:\/\/radiotemuco.com\/home\/wp-json\/wp\/v2\/posts\/25766\/revisions\/25768"}],"wp:featuredmedia":[{"embeddable":true,"href":"https:\/\/radiotemuco.com\/home\/wp-json\/wp\/v2\/media\/25767"}],"wp:attachment":[{"href":"https:\/\/radiotemuco.com\/home\/wp-json\/wp\/v2\/media?parent=25766"}],"wp:term":[{"taxonomy":"category","embeddable":true,"href":"https:\/\/radiotemuco.com\/home\/wp-json\/wp\/v2\/categories?post=25766"},{"taxonomy":"post_tag","embeddable":true,"href":"https:\/\/radiotemuco.com\/home\/wp-json\/wp\/v2\/tags?post=25766"}],"curies":[{"name":"wp","href":"https:\/\/api.w.org\/{rel}","templated":true}]}}