{"id":25759,"date":"2026-03-09T09:31:59","date_gmt":"2026-03-09T09:31:59","guid":{"rendered":"https:\/\/radiotemuco.com\/home\/?p=25759"},"modified":"2026-03-09T09:31:59","modified_gmt":"2026-03-09T09:31:59","slug":"lumaco-sigue-mostrando-su-identidad-e-inauguro-el-tren-tricultural-en-capitan-pastene","status":"publish","type":"post","link":"https:\/\/radiotemuco.com\/home\/lumaco-sigue-mostrando-su-identidad-e-inauguro-el-tren-tricultural-en-capitan-pastene\/","title":{"rendered":"Lumaco sigue mostrando su identidad e inaugur\u00f3 el \u201cTren Tricultural\u201d en Capit\u00e1n Pastene"},"content":{"rendered":"<p style=\"font-weight: 400;\">El \u201cTren Chico\u201d o de \u201cTrocha Angosta\u201d, de Capit\u00e1n Pastene, para las personas que lo utilizaron, es parte de una historia de La Araucan\u00eda y en especial de Lumaco, donde esta m\u00e1quina llegaba tras pasar por distintas localidades como Saboya, Marileo, la capital comunal hasta llegar a Pastene.<\/p>\n<p style=\"font-weight: 400;\">En el interior de sus vagones, que funcionaron desde 1918 a 1974, est\u00e1 parte de un legado de tres culturas como es el caso de la chilena, mapuche e italiana, que usaron este medio de transporte y que fue una fuente de trabajo porque permit\u00eda a los agricultores llevar sus productos y movilizarse.<\/p>\n<p style=\"font-weight: 400;\">En el marco de los 122 a\u00f1os de vida que est\u00e1 cumpliendo Capit\u00e1n Pastene y para dejar un testimonio, se inaugur\u00f3 en la plaza de armas, el \u201cTren Tricultural\u201d, que son dos carros restaurados de la m\u00e1quina que recorr\u00eda la zona, actividad que fue encabezada por el alcalde Richard Leonelli, los concejales Santiago Guidotti, Alejandro Fuentes, Nicol\u00e1s Sep\u00falveda,\u00a0 directivos municipales, Carabineros de Capit\u00e1n Pastene, Bomberos, el p\u00e1rroco de la parroquia San Felipe de Neri, Ariel Vald\u00e9s, que bendijo la m\u00e1quina, la Corporaci\u00f3n Cultural Giuseppe Verdi, junto a representantes de distintas organizaciones de la sociedad civil.<\/p>\n<p style=\"font-weight: 400;\">Este proyecto corresponde al Programa de Mejoramiento Urbano (PMU) y consider\u00f3 una inversi\u00f3n de $63.017.604 pesos, financiados por la Subsecretar\u00eda de Desarrollo Regional y Administrativo (SUBDERE).<\/p>\n<p style=\"font-weight: 400;\">Tras la ceremonia la autoridad comunal indic\u00f3 que esto es parte de la historia, de un legado que permanecer\u00e1 por siempre para Capit\u00e1n Pastene en su nuevo a\u00f1o de vida y que recuerda a los primeros colonos italianos que llegaron a la zona.<\/p>\n<p style=\"font-weight: 400;\">\u201cA esos colonos que vivieron lo que estamos inaugurando, que viajaron kil\u00f3metros y kil\u00f3metros para llegar a este terru\u00f1o, forjar esta linda ciudad, dejarnos esta historia y sabemos en las condiciones que lo hicieron, precarias, en extrema pobreza, esos ni\u00f1os, hombres y mujeres, que talaron bosques con lo que ten\u00edan y como pod\u00edan\u201d, indic\u00f3 la autoridad comunal, haciendo alusi\u00f3n a como se fund\u00f3 Capit\u00e1n Pastene.<\/p>\n<p style=\"font-weight: 400;\">Todo finaliz\u00f3 con el corte de cinta inaugural, lo que significa la apertura de este nuevo espacio patrimonial, el cual podr\u00e1 ser visitado por vecinos y turistas que lleguen durante todo el a\u00f1o y en especial este fin de semana cuando se realice una nueva edici\u00f3n de la \u201cSagra &amp; Carretada 2026\u201d.<\/p>\n","protected":false},"excerpt":{"rendered":"<p>El \u201cTren Chico\u201d o de \u201cTrocha Angosta\u201d, de Capit\u00e1n Pastene, para las personas que lo utilizaron, es parte de una historia de La Araucan\u00eda y en especial de Lumaco, donde esta m\u00e1quina llegaba tras pasar por distintas localidades como Saboya, Marileo, la capital comunal hasta llegar a Pastene. En el interior de sus vagones, que funcionaron desde 1918 a 1974, est\u00e1 parte de un legado de tres culturas como es el caso de la chilena, mapuche e italiana, que usaron este medio de transporte y que fue una fuente de trabajo porque permit\u00eda a los agricultores llevar sus productos y movilizarse. [&hellip;]<\/p>\n","protected":false},"author":2,"featured_media":25760,"comment_status":"closed","ping_status":"open","sticky":false,"template":"","format":"standard","meta":{"_crdt_document":"","_monsterinsights_skip_tracking":false,"_monsterinsights_sitenote_active":false,"_monsterinsights_sitenote_note":"","_monsterinsights_sitenote_category":0,"_jetpack_memberships_contains_paid_content":false,"footnotes":""},"categories":[8,7,2],"tags":[],"class_list":["post-25759","post","type-post","status-publish","format-standard","has-post-thumbnail","hentry","category-internacional","category-nacional","category-regionales"],"jetpack_featured_media_url":"https:\/\/radiotemuco.com\/home\/wp-content\/uploads\/2026\/03\/Inauguracion-Tren-Tricultural-1-scaled.jpg","jetpack_sharing_enabled":true,"_links":{"self":[{"href":"https:\/\/radiotemuco.com\/home\/wp-json\/wp\/v2\/posts\/25759","targetHints":{"allow":["GET"]}}],"collection":[{"href":"https:\/\/radiotemuco.com\/home\/wp-json\/wp\/v2\/posts"}],"about":[{"href":"https:\/\/radiotemuco.com\/home\/wp-json\/wp\/v2\/types\/post"}],"author":[{"embeddable":true,"href":"https:\/\/radiotemuco.com\/home\/wp-json\/wp\/v2\/users\/2"}],"replies":[{"embeddable":true,"href":"https:\/\/radiotemuco.com\/home\/wp-json\/wp\/v2\/comments?post=25759"}],"version-history":[{"count":1,"href":"https:\/\/radiotemuco.com\/home\/wp-json\/wp\/v2\/posts\/25759\/revisions"}],"predecessor-version":[{"id":25761,"href":"https:\/\/radiotemuco.com\/home\/wp-json\/wp\/v2\/posts\/25759\/revisions\/25761"}],"wp:featuredmedia":[{"embeddable":true,"href":"https:\/\/radiotemuco.com\/home\/wp-json\/wp\/v2\/media\/25760"}],"wp:attachment":[{"href":"https:\/\/radiotemuco.com\/home\/wp-json\/wp\/v2\/media?parent=25759"}],"wp:term":[{"taxonomy":"category","embeddable":true,"href":"https:\/\/radiotemuco.com\/home\/wp-json\/wp\/v2\/categories?post=25759"},{"taxonomy":"post_tag","embeddable":true,"href":"https:\/\/radiotemuco.com\/home\/wp-json\/wp\/v2\/tags?post=25759"}],"curies":[{"name":"wp","href":"https:\/\/api.w.org\/{rel}","templated":true}]}}