{"id":25742,"date":"2026-03-06T20:12:02","date_gmt":"2026-03-06T20:12:02","guid":{"rendered":"https:\/\/radiotemuco.com\/home\/?p=25742"},"modified":"2026-03-06T20:12:02","modified_gmt":"2026-03-06T20:12:02","slug":"conadi-trabajara-por-la-ninez-de-pueblos-originarios-en-la-araucania","status":"publish","type":"post","link":"https:\/\/radiotemuco.com\/home\/conadi-trabajara-por-la-ninez-de-pueblos-originarios-en-la-araucania\/","title":{"rendered":"Conadi trabajar\u00e1 por la ni\u00f1ez de pueblos originarios en La Araucan\u00eda"},"content":{"rendered":"<p style=\"font-weight: 400;\">La Subdirecci\u00f3n Nacional Sur de Conadi junto al Servicio de Protecci\u00f3n Especializada a la Ni\u00f1ez y Adolescencia en La Araucan\u00eda, realizaron el seminario \u201cNi\u00f1ez y adolescencia mapuche vulnerada: enfoques para una intervenci\u00f3n con pertinencia territorial\u201d, instancia de di\u00e1logo que abord\u00f3 los desaf\u00edos en la protecci\u00f3n de ni\u00f1os, ni\u00f1as y adolescentes desde una perspectiva cultural y territorial.<\/p>\n<p style=\"font-weight: 400;\">En el marco de esta actividad se llev\u00f3 a cabo la firma de un convenio de colaboraci\u00f3n entre ambas instituciones, orientado a fortalecer el trabajo intersectorial y la promoci\u00f3n de intervenciones con pertinencia cultural en la regi\u00f3n. La ceremonia fue encabezada por el Subdirector Nacional Sur de Conadi, Gonzalo Pe\u00f1a \u00c1vila y la Directora Regional del Servicio de Protecci\u00f3n de la Ni\u00f1ez, Ximena O\u00f1ate.<\/p>\n<p style=\"font-weight: 400;\"><strong>Hecho hist\u00f3rico<\/strong><\/p>\n<p style=\"font-weight: 400;\">\u201cEstamos bastante contentos de haber podido firmar un convenio de colaboraci\u00f3n entre ambos servicios, donde buscamos incorporar herramientas que favorezcan la protecci\u00f3n integral de las ni\u00f1eces ind\u00edgenas por primera vez, convirti\u00e9ndolo en un hecho hist\u00f3rico\u201d, se\u00f1al\u00f3 Gonzalo Pe\u00f1a \u00c1vila, Subdirector Nacional Sur de Conadi.<\/p>\n<p style=\"font-weight: 400;\">En tanto, Ximena O\u00f1ate, Directora Regional del Servicio de Protecci\u00f3n de la Ni\u00f1ez y Adolescencia, manifest\u00f3 que \u201choy es un d\u00eda de un gran logro, debemos fortalecer el camino de la interculturalidad para enriquecernos con el trabajo intersectorial, destacando la complementariedad como \u00fanica v\u00eda para dar respuestas suficientes a las vulneraciones que reciben ni\u00f1as y ni\u00f1os ind\u00edgenas en nuestra regi\u00f3n\u201d.<\/p>\n<p style=\"font-weight: 400;\">Uno de los grandes objetivos de esta alianza, es identificar<strong>\u00a0<\/strong>el marco normativo nacional e internacional que sustenta el enfoque intercultural en el trabajo con ni\u00f1eces y adolescencias ind\u00edgenas bajo protecci\u00f3n del estado, incorporando la experiencia comparada de otros pa\u00edses latinoamericanos,\u00a0adem\u00e1s de socializar sobre aquellos nudos cr\u00edticos que han sido detectados en la atenci\u00f3n de ni\u00f1os, ni\u00f1as y adolescentes mapuche atendidos bajo sistema de protecci\u00f3n\u00a0 y que han requerido de un abordaje de atenci\u00f3n y reparaci\u00f3n integral, con enfoque intercultural.<\/p>\n<p style=\"font-weight: 400;\">\n","protected":false},"excerpt":{"rendered":"<p>La Subdirecci\u00f3n Nacional Sur de Conadi junto al Servicio de Protecci\u00f3n Especializada a la Ni\u00f1ez y Adolescencia en La Araucan\u00eda, realizaron el seminario \u201cNi\u00f1ez y adolescencia mapuche vulnerada: enfoques para una intervenci\u00f3n con pertinencia territorial\u201d, instancia de di\u00e1logo que abord\u00f3 los desaf\u00edos en la protecci\u00f3n de ni\u00f1os, ni\u00f1as y adolescentes desde una perspectiva cultural y territorial. En el marco de esta actividad se llev\u00f3 a cabo la firma de un convenio de colaboraci\u00f3n entre ambas instituciones, orientado a fortalecer el trabajo intersectorial y la promoci\u00f3n de intervenciones con pertinencia cultural en la regi\u00f3n. La ceremonia fue encabezada por el Subdirector Nacional [&hellip;]<\/p>\n","protected":false},"author":2,"featured_media":25743,"comment_status":"closed","ping_status":"open","sticky":false,"template":"","format":"standard","meta":{"_crdt_document":"","_monsterinsights_skip_tracking":false,"_monsterinsights_sitenote_active":false,"_monsterinsights_sitenote_note":"","_monsterinsights_sitenote_category":0,"_jetpack_memberships_contains_paid_content":false,"footnotes":""},"categories":[8,7,2],"tags":[],"class_list":["post-25742","post","type-post","status-publish","format-standard","has-post-thumbnail","hentry","category-internacional","category-nacional","category-regionales"],"jetpack_featured_media_url":"https:\/\/radiotemuco.com\/home\/wp-content\/uploads\/2026\/03\/foto-convenio-ninos-scaled.jpeg","jetpack_sharing_enabled":true,"_links":{"self":[{"href":"https:\/\/radiotemuco.com\/home\/wp-json\/wp\/v2\/posts\/25742","targetHints":{"allow":["GET"]}}],"collection":[{"href":"https:\/\/radiotemuco.com\/home\/wp-json\/wp\/v2\/posts"}],"about":[{"href":"https:\/\/radiotemuco.com\/home\/wp-json\/wp\/v2\/types\/post"}],"author":[{"embeddable":true,"href":"https:\/\/radiotemuco.com\/home\/wp-json\/wp\/v2\/users\/2"}],"replies":[{"embeddable":true,"href":"https:\/\/radiotemuco.com\/home\/wp-json\/wp\/v2\/comments?post=25742"}],"version-history":[{"count":1,"href":"https:\/\/radiotemuco.com\/home\/wp-json\/wp\/v2\/posts\/25742\/revisions"}],"predecessor-version":[{"id":25744,"href":"https:\/\/radiotemuco.com\/home\/wp-json\/wp\/v2\/posts\/25742\/revisions\/25744"}],"wp:featuredmedia":[{"embeddable":true,"href":"https:\/\/radiotemuco.com\/home\/wp-json\/wp\/v2\/media\/25743"}],"wp:attachment":[{"href":"https:\/\/radiotemuco.com\/home\/wp-json\/wp\/v2\/media?parent=25742"}],"wp:term":[{"taxonomy":"category","embeddable":true,"href":"https:\/\/radiotemuco.com\/home\/wp-json\/wp\/v2\/categories?post=25742"},{"taxonomy":"post_tag","embeddable":true,"href":"https:\/\/radiotemuco.com\/home\/wp-json\/wp\/v2\/tags?post=25742"}],"curies":[{"name":"wp","href":"https:\/\/api.w.org\/{rel}","templated":true}]}}