{"id":25732,"date":"2026-03-06T20:03:38","date_gmt":"2026-03-06T20:03:38","guid":{"rendered":"https:\/\/radiotemuco.com\/home\/?p=25732"},"modified":"2026-03-06T20:03:38","modified_gmt":"2026-03-06T20:03:38","slug":"rocio-durcal-en-notable-tributo-este-sabado-en-dreams-temuco","status":"publish","type":"post","link":"https:\/\/radiotemuco.com\/home\/rocio-durcal-en-notable-tributo-este-sabado-en-dreams-temuco\/","title":{"rendered":"Roc\u00edo D\u00farcal en notable tributo este s\u00e1bado en Dreams Temuco"},"content":{"rendered":"<p>La cantante nacional Johana S\u00e1nchez debutar\u00e1 en la capital regional con un emotivo homenaje a una de las voces m\u00e1s queridas de la m\u00fasica en espa\u00f1ol.<\/p>\n<p>\u201cMe presentar\u00e9 por primera vez en Temuco con el homenaje a la gran Roc\u00edo D\u00farcal, buscando unir a varias generaciones\u201d, comenta Johana S\u00e1nchez, destacando que su puesta en escena est\u00e1 construida desde la cercan\u00eda y la emoci\u00f3n. \u201cLlevo m\u00e1s de 13 a\u00f1os recorriendo el pa\u00eds e interactuando con la gente a trav\u00e9s de la m\u00fasica que no pasa de moda. Es un show transversal\u201d, agrega.<\/p>\n<p>La artista reconoce que su v\u00ednculo con la m\u00fasica viene desde la infancia. \u201cDesde siempre he estado ligada a ella ; mi pap\u00e1 cantaba y eso me marc\u00f3\u201d, recuerda. Aunque pens\u00f3 estudiar ingenier\u00eda en sonido, su camino tom\u00f3 otro rumbo. \u201cEntregar melod\u00edas me inspira\u201d, afirma. Ha participado en festivales y programas de televisi\u00f3n, pero encontr\u00f3 su lugar en los tributos en vivo a Roc\u00edo D\u00farcal. \u201cSobre todo por su registro, sent\u00ed que pod\u00eda rendirle un homenaje honesto desde mi voz\u201d, explica.<\/p>\n<p>Sobre su regreso a los escenarios Dreams, Johana guarda buenos recuerdos. \u201cHe estado en otras propiedades y siempre recuerdo un p\u00fablico muy ameno. Ojal\u00e1 repetirlo\u201d, se\u00f1ala. La expectativa por su debut en la ciudad es alta: \u201cTemuco es maravilloso. Espero que sea un show inolvidable, donde est\u00e9 toda la familia presente\u201d, agreg\u00f3.<br \/>\nEl evento se realizar\u00e1 este s\u00e1bado 7 y arrancar\u00e1 no antes de las 22:00 horas, en el escenario del restobar Lucky 7, en Dreams Temuco. El acceso al show es gratis con la entrada al casino, cuyo importe total es en beneficio fiscal.<\/p>\n","protected":false},"excerpt":{"rendered":"<p>La cantante nacional Johana S\u00e1nchez debutar\u00e1 en la capital regional con un emotivo homenaje a una de las voces m\u00e1s queridas de la m\u00fasica en espa\u00f1ol. \u201cMe presentar\u00e9 por primera vez en Temuco con el homenaje a la gran Roc\u00edo D\u00farcal, buscando unir a varias generaciones\u201d, comenta Johana S\u00e1nchez, destacando que su puesta en escena est\u00e1 construida desde la cercan\u00eda y la emoci\u00f3n. \u201cLlevo m\u00e1s de 13 a\u00f1os recorriendo el pa\u00eds e interactuando con la gente a trav\u00e9s de la m\u00fasica que no pasa de moda. Es un show transversal\u201d, agrega. La artista reconoce que su v\u00ednculo con la m\u00fasica viene [&hellip;]<\/p>\n","protected":false},"author":2,"featured_media":25733,"comment_status":"closed","ping_status":"open","sticky":false,"template":"","format":"standard","meta":{"_crdt_document":"","_monsterinsights_skip_tracking":false,"_monsterinsights_sitenote_active":false,"_monsterinsights_sitenote_note":"","_monsterinsights_sitenote_category":0,"_jetpack_memberships_contains_paid_content":false,"footnotes":""},"categories":[8,7,2],"tags":[],"class_list":["post-25732","post","type-post","status-publish","format-standard","has-post-thumbnail","hentry","category-internacional","category-nacional","category-regionales"],"jetpack_featured_media_url":"https:\/\/radiotemuco.com\/home\/wp-content\/uploads\/2026\/03\/01.jpg","jetpack_sharing_enabled":true,"_links":{"self":[{"href":"https:\/\/radiotemuco.com\/home\/wp-json\/wp\/v2\/posts\/25732","targetHints":{"allow":["GET"]}}],"collection":[{"href":"https:\/\/radiotemuco.com\/home\/wp-json\/wp\/v2\/posts"}],"about":[{"href":"https:\/\/radiotemuco.com\/home\/wp-json\/wp\/v2\/types\/post"}],"author":[{"embeddable":true,"href":"https:\/\/radiotemuco.com\/home\/wp-json\/wp\/v2\/users\/2"}],"replies":[{"embeddable":true,"href":"https:\/\/radiotemuco.com\/home\/wp-json\/wp\/v2\/comments?post=25732"}],"version-history":[{"count":1,"href":"https:\/\/radiotemuco.com\/home\/wp-json\/wp\/v2\/posts\/25732\/revisions"}],"predecessor-version":[{"id":25734,"href":"https:\/\/radiotemuco.com\/home\/wp-json\/wp\/v2\/posts\/25732\/revisions\/25734"}],"wp:featuredmedia":[{"embeddable":true,"href":"https:\/\/radiotemuco.com\/home\/wp-json\/wp\/v2\/media\/25733"}],"wp:attachment":[{"href":"https:\/\/radiotemuco.com\/home\/wp-json\/wp\/v2\/media?parent=25732"}],"wp:term":[{"taxonomy":"category","embeddable":true,"href":"https:\/\/radiotemuco.com\/home\/wp-json\/wp\/v2\/categories?post=25732"},{"taxonomy":"post_tag","embeddable":true,"href":"https:\/\/radiotemuco.com\/home\/wp-json\/wp\/v2\/tags?post=25732"}],"curies":[{"name":"wp","href":"https:\/\/api.w.org\/{rel}","templated":true}]}}