{"id":25439,"date":"2026-01-28T09:26:06","date_gmt":"2026-01-28T09:26:06","guid":{"rendered":"https:\/\/radiotemuco.com\/home\/?p=25439"},"modified":"2026-01-28T09:26:06","modified_gmt":"2026-01-28T09:26:06","slug":"mas-maduro-que-nunca-la-nueva-propuesta-de-yerko-puchento-en-dreams","status":"publish","type":"post","link":"https:\/\/radiotemuco.com\/home\/mas-maduro-que-nunca-la-nueva-propuesta-de-yerko-puchento-en-dreams\/","title":{"rendered":"\u201cM\u00e1s Maduro Que Nunca \u201c: la nueva propuesta de Yerko Puchento en Dreams"},"content":{"rendered":"<p>Ir\u00f3nico, sin filtros y directo. Eso caracteriza a \u00a0 Yerko Puchento, ic\u00f3nico opin\u00f3logo nacional, con experiencia en m\u00faltiples programas de televisi\u00f3n y escenarios chilenos, que regresa al principal centro de entretenci\u00f3n de la capital regional.<\/p>\n<p>Inici\u00f3 su carrera en el programa &#8220;Venga Conmigo&#8221; en 1996. Reconocido mayormente por sus personajes humor\u00edsticos como Peter Veneno Vald\u00e9s (parodia del futbolista chileno Iv\u00e1n Zamorano) y Yerko Puchento, un cr\u00edtico de actualidad y analista de chismes del mundo del espect\u00e1culo. &#8220;Ha sido un viaje maravilloso, de muchos cambios y personajes que me han llenado de orgullo y tambi\u00e9n de mucha experiencia. Mi profesi\u00f3n de actor me dio esa versatilidad para caracterizar a ciertas personalidades. Yerko es un &#8220;\u00e1lter ego&#8221; de Daniel. Se parecen en varias cosas, pero tambi\u00e9n difieren en otras&#8221;; se\u00f1al\u00f3.<\/p>\n<p>El personaje, interpretado por el actor y comediante nacional Daniel Alca\u00edno, no esquivar\u00e1 ning\u00fan tema. En \u201cM\u00e1s Maduro Que Nunca\u201d Yerko har\u00e1 un resumen de los ultimos 4 a\u00f1os, con la despedida de Boric, los negocios de la jueza Vivanco, la llegada de Kast a vivir en la moneda y,por supuesto, la detencion de Maduro. Nadie se quedar\u00e1 fuera de este gran delirio de contingencia y actualidad.<\/p>\n<p>Un show para personas sin criterio formado y sin censura.\u201dYa me conocen bastante, son muchos a\u00f1os en esto y cada visita al sur pasan cositas nuevas. Intentaremos, en una hora y 15 minutos, re\u00edrnos de todo y de todos. Y por supuesto tambi\u00e9n incorporaremos temas de la regi\u00f3n De La Araucan\u00eda, por eso lo primero que haremos cuando lleguemos a la ciudad ser\u00e1 conversar con la gente para que nos cuente copuchas, reclamos y cosas sabrosas de la zona y sus autoridades. Cuando estuvimos el a\u00f1o pasado, fue entrete ver como el p\u00fablico se soltaba, tiraban sus &#8220;tallas&#8221;. Cada regi\u00f3n que visitamos tiene su idiosincrasia, su manera de ver la realidad\u201d, expreso el artista nacional.<\/p>\n<p>Para Alca\u00edno, estar en Temuco es especial, ya que el paisaje y la conexi\u00f3n con el entorno evoca sensaciones positivas. \u201cEs todo moderno y la atenci\u00f3n es genial a todo nuestro equipo. El escenario te da esa sensaci\u00f3n de intimidad con el p\u00fablico que te lleva a querer conectarte y soltar todo lo que tienes guardado. Uno nunca deja de tener ese cosquilleo antes de salir a escena. Al final es la magia de hacer teatro o televisi\u00f3n. Quiero que vengan, que se dejen sorprender y que traigan mucho est\u00f3mago y aire, porque las risas sobrar\u00e1n&#8221;, asegur\u00f3 \u201cPuchento\u201d.<\/p>\n<p>El evento de Yerko \u00a0ser\u00e1 este jueves no antes de las 22:00 hrs, en el escenario del restobar Lucky 7 en Dreams. El acceso es gratuito con la entrada al casino, cuyo importe total es en beneficio fiscal.<\/p>\n","protected":false},"excerpt":{"rendered":"<p>Ir\u00f3nico, sin filtros y directo. Eso caracteriza a \u00a0 Yerko Puchento, ic\u00f3nico opin\u00f3logo nacional, con experiencia en m\u00faltiples programas de televisi\u00f3n y escenarios chilenos, que regresa al principal centro de entretenci\u00f3n de la capital regional. Inici\u00f3 su carrera en el programa &#8220;Venga Conmigo&#8221; en 1996. Reconocido mayormente por sus personajes humor\u00edsticos como Peter Veneno Vald\u00e9s (parodia del futbolista chileno Iv\u00e1n Zamorano) y Yerko Puchento, un cr\u00edtico de actualidad y analista de chismes del mundo del espect\u00e1culo. &#8220;Ha sido un viaje maravilloso, de muchos cambios y personajes que me han llenado de orgullo y tambi\u00e9n de mucha experiencia. Mi profesi\u00f3n de actor [&hellip;]<\/p>\n","protected":false},"author":2,"featured_media":25440,"comment_status":"closed","ping_status":"open","sticky":false,"template":"","format":"standard","meta":{"_crdt_document":"","_monsterinsights_skip_tracking":false,"_monsterinsights_sitenote_active":false,"_monsterinsights_sitenote_note":"","_monsterinsights_sitenote_category":0,"_jetpack_memberships_contains_paid_content":false,"footnotes":""},"categories":[8,7,2],"tags":[],"class_list":["post-25439","post","type-post","status-publish","format-standard","has-post-thumbnail","hentry","category-internacional","category-nacional","category-regionales"],"jetpack_featured_media_url":"https:\/\/radiotemuco.com\/home\/wp-content\/uploads\/2026\/01\/FOTO-YERKO.jpg","jetpack_sharing_enabled":true,"_links":{"self":[{"href":"https:\/\/radiotemuco.com\/home\/wp-json\/wp\/v2\/posts\/25439","targetHints":{"allow":["GET"]}}],"collection":[{"href":"https:\/\/radiotemuco.com\/home\/wp-json\/wp\/v2\/posts"}],"about":[{"href":"https:\/\/radiotemuco.com\/home\/wp-json\/wp\/v2\/types\/post"}],"author":[{"embeddable":true,"href":"https:\/\/radiotemuco.com\/home\/wp-json\/wp\/v2\/users\/2"}],"replies":[{"embeddable":true,"href":"https:\/\/radiotemuco.com\/home\/wp-json\/wp\/v2\/comments?post=25439"}],"version-history":[{"count":1,"href":"https:\/\/radiotemuco.com\/home\/wp-json\/wp\/v2\/posts\/25439\/revisions"}],"predecessor-version":[{"id":25441,"href":"https:\/\/radiotemuco.com\/home\/wp-json\/wp\/v2\/posts\/25439\/revisions\/25441"}],"wp:featuredmedia":[{"embeddable":true,"href":"https:\/\/radiotemuco.com\/home\/wp-json\/wp\/v2\/media\/25440"}],"wp:attachment":[{"href":"https:\/\/radiotemuco.com\/home\/wp-json\/wp\/v2\/media?parent=25439"}],"wp:term":[{"taxonomy":"category","embeddable":true,"href":"https:\/\/radiotemuco.com\/home\/wp-json\/wp\/v2\/categories?post=25439"},{"taxonomy":"post_tag","embeddable":true,"href":"https:\/\/radiotemuco.com\/home\/wp-json\/wp\/v2\/tags?post=25439"}],"curies":[{"name":"wp","href":"https:\/\/api.w.org\/{rel}","templated":true}]}}