{"id":25436,"date":"2026-01-28T09:24:18","date_gmt":"2026-01-28T09:24:18","guid":{"rendered":"https:\/\/radiotemuco.com\/home\/?p=25436"},"modified":"2026-01-28T09:24:18","modified_gmt":"2026-01-28T09:24:18","slug":"en-pucon-junji-araucania-dio-inicio-oficial-al-programa-jardines-infantiles-de-verano-2026","status":"publish","type":"post","link":"https:\/\/radiotemuco.com\/home\/en-pucon-junji-araucania-dio-inicio-oficial-al-programa-jardines-infantiles-de-verano-2026\/","title":{"rendered":"En Puc\u00f3n JUNJI Araucan\u00eda dio inicio oficial al Programa Jardines Infantiles de Verano 2026"},"content":{"rendered":"<p>En el Jard\u00edn Infantil \u201cDulces Casta\u00f1as\u201d de la comuna de Puc\u00f3n, se realiz\u00f3 el lanzamiento oficial del Programa Transitorio \u201cJardines Infantiles de Verano 2026\u201d de la JUNJI Araucan\u00eda.<\/p>\n<p>La actividad cont\u00f3 con la participaci\u00f3n de la seremi de Educaci\u00f3n, Marcela Castro, la directora regional de la JUNJI Araucan\u00eda, Andrea Fern\u00e1ndez, el equipo educativo del establecimiento y familias, quienes valoraron la iniciativa como un apoyo concreto, que se preocupa del bienestar de los ni\u00f1os y ni\u00f1as.<\/p>\n<p>Al respecto, la directora de la JUNJI manifest\u00f3 que, <em>\u201ccomo JUNJI llevamos diez a\u00f1os generando este programa cuyo \u00e9nfasis es la educaci\u00f3n l\u00fadica, y tambi\u00e9n tiene como centro el \u00e1mbito social, apoyando a madres y padres que trabajan en la jornada estival. Para nosotros es un agrado contribuir al cuidado, a la seguridad y el bienestar de los ni\u00f1os y ni\u00f1as<\/em>\u201d.<\/p>\n<p>La Seremi de Educaci\u00f3n a su vez, destac\u00f3 el aporte que este programa realiza a las familias, entregando cuidado y educaci\u00f3n inicial de calidad a ni\u00f1os y ni\u00f1as de comunas donde generalmente, se realizan trabajos en la \u00e9poca estival. <em>\u201cEstos programas entregan tranquilidad a las madres y padres mientras trabajan porque saben que sus hijos e hijas est\u00e1n seguros y protegidos en espacios acordes a lo que ellos requieren.\u201d<\/em><\/p>\n<p>El Programa \u201cJardines Infantiles de Verano\u201d es una modalidad de atenci\u00f3n transitoria, que la JUNJI implementa para brindar un espacio educativo seguro y de bienestar para ni\u00f1os y ni\u00f1as, cuyas madres y padres trabajan de manera permanente o en labores de temporada.<\/p>\n<p>Este a\u00f1o, son nueve los jardines infantiles que funcionar\u00e1n durante la segunda quincena de enero y todo el mes de febrero, en las comunas de Temuco, Padre Las Casas, Villarrica, Lautaro, Victoria, Angol y Puc\u00f3n, con una capacidad total de atenci\u00f3n de 430 ni\u00f1os y ni\u00f1as en los niveles salas cuna y medios.<\/p>\n<p>La apoderada Fabiola Flores, coment\u00f3 que <em>\u201cnos ha ido s\u00faper bien en el jard\u00edn debido a que es una fuente de apoyo tremenda, aliviana mucho la carga porque actualmente los pap\u00e1s no contamos con una red de apoyo y este jard\u00edn en particular lo recomiendo porque hay grandes profesionales y el jard\u00edn es seguro\u2026 yo amo al jard\u00edn\u201d.<\/em><\/p>\n<p>Durante el desarrollo del programa, que concluye el pr\u00f3ximo 25 de febrero, los jardines infantiles realizar\u00e1n diversas actividades para los ni\u00f1os y ni\u00f1as, reafirmando el compromiso de la JUNJI con el derecho a la educaci\u00f3n, el cuidado y el bienestar de las infancias, y el apoyo concreto a las familias trabajadoras de la regi\u00f3n.<\/p>\n","protected":false},"excerpt":{"rendered":"<p>En el Jard\u00edn Infantil \u201cDulces Casta\u00f1as\u201d de la comuna de Puc\u00f3n, se realiz\u00f3 el lanzamiento oficial del Programa Transitorio \u201cJardines Infantiles de Verano 2026\u201d de la JUNJI Araucan\u00eda. La actividad cont\u00f3 con la participaci\u00f3n de la seremi de Educaci\u00f3n, Marcela Castro, la directora regional de la JUNJI Araucan\u00eda, Andrea Fern\u00e1ndez, el equipo educativo del establecimiento y familias, quienes valoraron la iniciativa como un apoyo concreto, que se preocupa del bienestar de los ni\u00f1os y ni\u00f1as. Al respecto, la directora de la JUNJI manifest\u00f3 que, \u201ccomo JUNJI llevamos diez a\u00f1os generando este programa cuyo \u00e9nfasis es la educaci\u00f3n l\u00fadica, y tambi\u00e9n tiene [&hellip;]<\/p>\n","protected":false},"author":2,"featured_media":25437,"comment_status":"closed","ping_status":"open","sticky":false,"template":"","format":"standard","meta":{"_crdt_document":"","_monsterinsights_skip_tracking":false,"_monsterinsights_sitenote_active":false,"_monsterinsights_sitenote_note":"","_monsterinsights_sitenote_category":0,"_jetpack_memberships_contains_paid_content":false,"footnotes":""},"categories":[8,7,2],"tags":[],"class_list":["post-25436","post","type-post","status-publish","format-standard","has-post-thumbnail","hentry","category-internacional","category-nacional","category-regionales"],"jetpack_featured_media_url":"https:\/\/radiotemuco.com\/home\/wp-content\/uploads\/2026\/01\/Foto-5-copia-scaled.jpg","jetpack_sharing_enabled":true,"_links":{"self":[{"href":"https:\/\/radiotemuco.com\/home\/wp-json\/wp\/v2\/posts\/25436","targetHints":{"allow":["GET"]}}],"collection":[{"href":"https:\/\/radiotemuco.com\/home\/wp-json\/wp\/v2\/posts"}],"about":[{"href":"https:\/\/radiotemuco.com\/home\/wp-json\/wp\/v2\/types\/post"}],"author":[{"embeddable":true,"href":"https:\/\/radiotemuco.com\/home\/wp-json\/wp\/v2\/users\/2"}],"replies":[{"embeddable":true,"href":"https:\/\/radiotemuco.com\/home\/wp-json\/wp\/v2\/comments?post=25436"}],"version-history":[{"count":1,"href":"https:\/\/radiotemuco.com\/home\/wp-json\/wp\/v2\/posts\/25436\/revisions"}],"predecessor-version":[{"id":25438,"href":"https:\/\/radiotemuco.com\/home\/wp-json\/wp\/v2\/posts\/25436\/revisions\/25438"}],"wp:featuredmedia":[{"embeddable":true,"href":"https:\/\/radiotemuco.com\/home\/wp-json\/wp\/v2\/media\/25437"}],"wp:attachment":[{"href":"https:\/\/radiotemuco.com\/home\/wp-json\/wp\/v2\/media?parent=25436"}],"wp:term":[{"taxonomy":"category","embeddable":true,"href":"https:\/\/radiotemuco.com\/home\/wp-json\/wp\/v2\/categories?post=25436"},{"taxonomy":"post_tag","embeddable":true,"href":"https:\/\/radiotemuco.com\/home\/wp-json\/wp\/v2\/tags?post=25436"}],"curies":[{"name":"wp","href":"https:\/\/api.w.org\/{rel}","templated":true}]}}