{"id":25433,"date":"2026-01-28T09:21:51","date_gmt":"2026-01-28T09:21:51","guid":{"rendered":"https:\/\/radiotemuco.com\/home\/?p=25433"},"modified":"2026-01-28T09:21:51","modified_gmt":"2026-01-28T09:21:51","slug":"cft-e-ip-santo-tomas-temuco-titularon-a-mas-de-700-nuevos-tecnicos-y-profesionales","status":"publish","type":"post","link":"https:\/\/radiotemuco.com\/home\/cft-e-ip-santo-tomas-temuco-titularon-a-mas-de-700-nuevos-tecnicos-y-profesionales\/","title":{"rendered":"CFT e IP Santo Tom\u00e1s Temuco titularon a m\u00e1s de 700 nuevos t\u00e9cnicos y profesionales"},"content":{"rendered":"<p>Los d\u00edas 20 y 21 de enero, el Centro de Formaci\u00f3n T\u00e9cnica y el Instituto Profesional Santo Tom\u00e1s Temuco realizaron sus ceremonias de titulaci\u00f3n en el Teatro Municipal de Temuco, instancia en la que m\u00e1s de 700 titulados culminaron una etapa fundamental de su formaci\u00f3n acad\u00e9mica, dando paso a nuevos desaf\u00edos personales y profesionales.<\/p>\n<p>Las jornadas reflejaron el sello institucional de CFTIP Santo Tom\u00e1s, enfocado en la formaci\u00f3n de t\u00e9cnicos y profesionales con una s\u00f3lida preparaci\u00f3n pr\u00e1ctica, \u00e9tica y val\u00f3rica, orientada a responder a las necesidades del entorno productivo y social, tanto a nivel regional como nacional.<\/p>\n<p>En este contexto, la rectora de Santo Tom\u00e1s Temuco, Rosemarie Junge, destac\u00f3 el significado de este hito, se\u00f1alando que \u201c<em>estas ceremonias marcan el cierre de un proceso formativo riguroso, que entrega herramientas concretas para que los titulados se inserten de manera responsable y comprometida en el mundo laboral, aportando desde sus disciplinas al desarrollo de la regi\u00f3n\u201d.<\/em><\/p>\n<p>La relevancia de la formaci\u00f3n t\u00e9cnico-profesional fue uno de los ejes centrales de estas ceremonias, considerando su aporte directo al desarrollo productivo del pa\u00eds. Este tipo de formaci\u00f3n se caracteriza por una fuerte orientaci\u00f3n pr\u00e1ctica, una r\u00e1pida inserci\u00f3n laboral y el desarrollo de competencias alineadas a los requerimientos reales del entorno, fortaleciendo el capital humano regional y respondiendo a las demandas actuales de distintos sectores estrat\u00e9gicos.<\/p>\n<p>La experiencia formativa tambi\u00e9n fue valorada por los titulados. En representaci\u00f3n de ellos, Sergio Andr\u00e9s Jaramillo Acosta, titulado de la carrera T\u00e9cnico en Sonido, destac\u00f3 el impacto de su paso por Santo Tom\u00e1s Temuco, se\u00f1alando que<em> \u201cla formaci\u00f3n que recibimos nos permiti\u00f3 desarrollar competencias t\u00e9cnicas y profesionales fundamentales para nuestro futuro laboral, junto con principios y valores que orientan un ejercicio responsable y \u00e9tico, especialmente en un entorno tan din\u00e1mico y exigente como el del sonido y la producci\u00f3n t\u00e9cnica\u201d.<\/em><\/p>\n<p>De esta manera, Santo Tom\u00e1s Temuco reafirma su compromiso con la formaci\u00f3n de calidad y con la preparaci\u00f3n de profesionales capacitados para enfrentar los desaf\u00edos de un entorno laboral din\u00e1mico y en constante evoluci\u00f3n.<\/p>\n","protected":false},"excerpt":{"rendered":"<p>Los d\u00edas 20 y 21 de enero, el Centro de Formaci\u00f3n T\u00e9cnica y el Instituto Profesional Santo Tom\u00e1s Temuco realizaron sus ceremonias de titulaci\u00f3n en el Teatro Municipal de Temuco, instancia en la que m\u00e1s de 700 titulados culminaron una etapa fundamental de su formaci\u00f3n acad\u00e9mica, dando paso a nuevos desaf\u00edos personales y profesionales. Las jornadas reflejaron el sello institucional de CFTIP Santo Tom\u00e1s, enfocado en la formaci\u00f3n de t\u00e9cnicos y profesionales con una s\u00f3lida preparaci\u00f3n pr\u00e1ctica, \u00e9tica y val\u00f3rica, orientada a responder a las necesidades del entorno productivo y social, tanto a nivel regional como nacional. En este contexto, la [&hellip;]<\/p>\n","protected":false},"author":2,"featured_media":25434,"comment_status":"closed","ping_status":"open","sticky":false,"template":"","format":"standard","meta":{"_crdt_document":"","_monsterinsights_skip_tracking":false,"_monsterinsights_sitenote_active":false,"_monsterinsights_sitenote_note":"","_monsterinsights_sitenote_category":0,"_jetpack_memberships_contains_paid_content":false,"footnotes":""},"categories":[8,7,2],"tags":[],"class_list":["post-25433","post","type-post","status-publish","format-standard","has-post-thumbnail","hentry","category-internacional","category-nacional","category-regionales"],"jetpack_featured_media_url":"https:\/\/radiotemuco.com\/home\/wp-content\/uploads\/2026\/01\/DSC05538-scaled.jpg","jetpack_sharing_enabled":true,"_links":{"self":[{"href":"https:\/\/radiotemuco.com\/home\/wp-json\/wp\/v2\/posts\/25433","targetHints":{"allow":["GET"]}}],"collection":[{"href":"https:\/\/radiotemuco.com\/home\/wp-json\/wp\/v2\/posts"}],"about":[{"href":"https:\/\/radiotemuco.com\/home\/wp-json\/wp\/v2\/types\/post"}],"author":[{"embeddable":true,"href":"https:\/\/radiotemuco.com\/home\/wp-json\/wp\/v2\/users\/2"}],"replies":[{"embeddable":true,"href":"https:\/\/radiotemuco.com\/home\/wp-json\/wp\/v2\/comments?post=25433"}],"version-history":[{"count":1,"href":"https:\/\/radiotemuco.com\/home\/wp-json\/wp\/v2\/posts\/25433\/revisions"}],"predecessor-version":[{"id":25435,"href":"https:\/\/radiotemuco.com\/home\/wp-json\/wp\/v2\/posts\/25433\/revisions\/25435"}],"wp:featuredmedia":[{"embeddable":true,"href":"https:\/\/radiotemuco.com\/home\/wp-json\/wp\/v2\/media\/25434"}],"wp:attachment":[{"href":"https:\/\/radiotemuco.com\/home\/wp-json\/wp\/v2\/media?parent=25433"}],"wp:term":[{"taxonomy":"category","embeddable":true,"href":"https:\/\/radiotemuco.com\/home\/wp-json\/wp\/v2\/categories?post=25433"},{"taxonomy":"post_tag","embeddable":true,"href":"https:\/\/radiotemuco.com\/home\/wp-json\/wp\/v2\/tags?post=25433"}],"curies":[{"name":"wp","href":"https:\/\/api.w.org\/{rel}","templated":true}]}}