{"id":25418,"date":"2026-01-26T12:30:29","date_gmt":"2026-01-26T12:30:29","guid":{"rendered":"https:\/\/radiotemuco.com\/home\/?p=25418"},"modified":"2026-01-26T12:30:29","modified_gmt":"2026-01-26T12:30:29","slug":"estudiantes-de-santo-tomas-temuco-participaron-en-trabajos-voluntarios-de-verano-2026-en-tome","status":"publish","type":"post","link":"https:\/\/radiotemuco.com\/home\/estudiantes-de-santo-tomas-temuco-participaron-en-trabajos-voluntarios-de-verano-2026-en-tome\/","title":{"rendered":"Estudiantes de Santo Tom\u00e1s Temuco participaron en Trabajos Voluntarios de Verano 2026 en Tom\u00e9"},"content":{"rendered":"<p>Entre los d\u00edas 7 y 13 de enero de 2026, estudiantes de la sede Santo Tom\u00e1s Temuco, acompa\u00f1ados por la Direcci\u00f3n de Asuntos Estudiantiles (DAE), participaron activamente en los Trabajos Voluntarios de Verano 2026 \u2013 Zona Sur, desarrollados en la comuna de Tom\u00e9, Regi\u00f3n del Biob\u00edo.<\/p>\n<p>La iniciativa se despleg\u00f3 en las localidades de Tom\u00e9, Dichato, Menque y Rafael, congregando a cerca de 200 estudiantes provenientes de las sedes de Chill\u00e1n, Concepci\u00f3n, Los \u00c1ngeles, Valdivia, Osorno, Puerto Montt, Punta Arenas y Temuco. Desde esta \u00faltima, fueron 22 estudiantes quienes se trasladaron hasta la zona para sumarse a las distintas labores comunitarias.<\/p>\n<p>Durante el desarrollo de los trabajos voluntarios, los equipos realizaron mejoramientos de viviendas, acciones de acompa\u00f1amiento social a familias beneficiadas, adem\u00e1s de operativos de salud y apoyo a establecimientos educacionales, contribuyendo directamente al bienestar de las comunidades intervenidas.<\/p>\n<p>Al respecto, Francisco Reyes, director de la Direcci\u00f3n de Asuntos Estudiantiles (DAE) Santo Tom\u00e1s Temuco, se\u00f1al\u00f3 que \u201c<em>como Direcci\u00f3n de Asuntos Estudiantiles, sentimos un profundo orgullo por los estudiantes que representaron a nuestra sede, quienes entregaron su tiempo y vacaciones para apoyar a familias que m\u00e1s lo necesitaban. Esta fue una experiencia transformadora, tanto para los voluntarios como para las 28 familias beneficiadas, logrando mejoras significativas en su calidad de vida. Pese a las altas temperaturas y las dificultades propias del terreno, los estudiantes cumplieron exitosamente los objetivos propuestos, reflejando los valores institucionales de fraternidad, solidaridad y compromiso social. Estas instancias fortalecen la Experiencia Tomasina, promoviendo una formaci\u00f3n integral que conecta lo acad\u00e9mico con el servicio y el sentido humano del futuro profesional\u201d.<\/em><\/p>\n<p>Ruth Y\u00e1\u00f1ez, estudiante de la carrera T\u00e9cnico en Dise\u00f1o Digital y Publicitario de Santo Tom\u00e1s Temuco, valor\u00f3 la experiencia se\u00f1alando que \u201c<em>fue, lejos, la mejor experiencia universitaria. Agradezco de coraz\u00f3n la oportunidad; la volver\u00eda a repetir mil veces si pudiera. Lo que hacen es realmente hermoso y all\u00ed encontr\u00e9 a mi grupo, personas con las mismas ganas de aprender, ayudar y vivir una infinidad de emociones dif\u00edciles de explicar\u201d.<\/em><\/p>\n<p>Este tipo de iniciativas forman parte del sello institucional de Santo Tom\u00e1s, donde la Experiencia Tomasina se vive m\u00e1s all\u00e1 del aula, permitiendo a los estudiantes desarrollar competencias humanas, sociales y profesionales, a trav\u00e9s del compromiso con las personas y comunidades, aportando activamente a la construcci\u00f3n de una sociedad m\u00e1s solidaria.<\/p>\n","protected":false},"excerpt":{"rendered":"<p>Entre los d\u00edas 7 y 13 de enero de 2026, estudiantes de la sede Santo Tom\u00e1s Temuco, acompa\u00f1ados por la Direcci\u00f3n de Asuntos Estudiantiles (DAE), participaron activamente en los Trabajos Voluntarios de Verano 2026 \u2013 Zona Sur, desarrollados en la comuna de Tom\u00e9, Regi\u00f3n del Biob\u00edo. La iniciativa se despleg\u00f3 en las localidades de Tom\u00e9, Dichato, Menque y Rafael, congregando a cerca de 200 estudiantes provenientes de las sedes de Chill\u00e1n, Concepci\u00f3n, Los \u00c1ngeles, Valdivia, Osorno, Puerto Montt, Punta Arenas y Temuco. Desde esta \u00faltima, fueron 22 estudiantes quienes se trasladaron hasta la zona para sumarse a las distintas labores comunitarias. [&hellip;]<\/p>\n","protected":false},"author":2,"featured_media":25419,"comment_status":"closed","ping_status":"open","sticky":false,"template":"","format":"standard","meta":{"_crdt_document":"","_monsterinsights_skip_tracking":false,"_monsterinsights_sitenote_active":false,"_monsterinsights_sitenote_note":"","_monsterinsights_sitenote_category":0,"_jetpack_memberships_contains_paid_content":false,"footnotes":""},"categories":[8,7,2],"tags":[],"class_list":["post-25418","post","type-post","status-publish","format-standard","has-post-thumbnail","hentry","category-internacional","category-nacional","category-regionales"],"jetpack_featured_media_url":"https:\/\/radiotemuco.com\/home\/wp-content\/uploads\/2026\/01\/TTVV-de-Verano-Santo-Tomas-2026-2.jpeg","jetpack_sharing_enabled":true,"_links":{"self":[{"href":"https:\/\/radiotemuco.com\/home\/wp-json\/wp\/v2\/posts\/25418","targetHints":{"allow":["GET"]}}],"collection":[{"href":"https:\/\/radiotemuco.com\/home\/wp-json\/wp\/v2\/posts"}],"about":[{"href":"https:\/\/radiotemuco.com\/home\/wp-json\/wp\/v2\/types\/post"}],"author":[{"embeddable":true,"href":"https:\/\/radiotemuco.com\/home\/wp-json\/wp\/v2\/users\/2"}],"replies":[{"embeddable":true,"href":"https:\/\/radiotemuco.com\/home\/wp-json\/wp\/v2\/comments?post=25418"}],"version-history":[{"count":1,"href":"https:\/\/radiotemuco.com\/home\/wp-json\/wp\/v2\/posts\/25418\/revisions"}],"predecessor-version":[{"id":25420,"href":"https:\/\/radiotemuco.com\/home\/wp-json\/wp\/v2\/posts\/25418\/revisions\/25420"}],"wp:featuredmedia":[{"embeddable":true,"href":"https:\/\/radiotemuco.com\/home\/wp-json\/wp\/v2\/media\/25419"}],"wp:attachment":[{"href":"https:\/\/radiotemuco.com\/home\/wp-json\/wp\/v2\/media?parent=25418"}],"wp:term":[{"taxonomy":"category","embeddable":true,"href":"https:\/\/radiotemuco.com\/home\/wp-json\/wp\/v2\/categories?post=25418"},{"taxonomy":"post_tag","embeddable":true,"href":"https:\/\/radiotemuco.com\/home\/wp-json\/wp\/v2\/tags?post=25418"}],"curies":[{"name":"wp","href":"https:\/\/api.w.org\/{rel}","templated":true}]}}