{"id":25415,"date":"2026-01-26T12:28:58","date_gmt":"2026-01-26T12:28:58","guid":{"rendered":"https:\/\/radiotemuco.com\/home\/?p=25415"},"modified":"2026-01-26T12:28:58","modified_gmt":"2026-01-26T12:28:58","slug":"tne-al-dia-requisito-clave-para-viajar-con-tarifa-rebajada-en-el-transporte-publico","status":"publish","type":"post","link":"https:\/\/radiotemuco.com\/home\/tne-al-dia-requisito-clave-para-viajar-con-tarifa-rebajada-en-el-transporte-publico\/","title":{"rendered":"TNE al d\u00eda: requisito clave para viajar con tarifa rebajada en el transporte p\u00fablico"},"content":{"rendered":"<p>Ad portas del inicio del a\u00f1o acad\u00e9mico, la Junta Nacional de Auxilio Escolar y Becas (Junaeb) adelant\u00f3 el proceso de captura fotogr\u00e1fica para que los estudiantes que ingresan a la educaci\u00f3n superior puedan obtener su Tarjeta Nacional Estudiantil (TNE).<\/p>\n<p>Este tr\u00e1mite resulta fundamental para acceder a la tarifa rebajada en el transporte p\u00fablico, dado que la TNE constituye el \u00fanico medio habilitante para que estudiantes de ense\u00f1anza media y superior que se desplazan por Temuco y Padre Las Casas mantengan el beneficio.<\/p>\n<p>Con el objetivo de facilitar el proceso, la instituci\u00f3n lanz\u00f3 su campa\u00f1a \u201cHazla corta, t\u00f3mate la foto hoy\u201d y habilit\u00f3 una aplicaci\u00f3n a la que se accede a trav\u00e9s de www.junaeb.cl, que permite a los futuros nuevos estudiantes universitarios y de institutos de formaci\u00f3n t\u00e9cnica realizar el tr\u00e1mite desde sus propios dispositivos electr\u00f3nicos, sin necesidad de concurrir presencialmente a m\u00f3dulos de atenci\u00f3n.<\/p>\n<p>La medida busca facilitar el proceso previo al inicio del a\u00f1o acad\u00e9mico y contribuir a una atenci\u00f3n m\u00e1s expedita.<\/p>\n<p>A lo anterior se suma que Junaeb dispuso puntos de atenci\u00f3n en distintas casas de estudio y en su oficina TNE en Temuco, permitiendo que las y los estudiantes realicen el tr\u00e1mite de manera oportuna.<\/p>\n<h3><strong>Puntos de atenci\u00f3n y fechas:<\/strong><\/h3>\n<ul>\n<li><strong>Oficina TNE,<\/strong> Claro Solar #455<\/li>\n<\/ul>\n<p>Del 19 al 23 de enero de 2026<\/p>\n<ul>\n<li><strong>Universidad Santo Tom\u00e1s,<\/strong> Manuel Rodr\u00edguez #060<\/li>\n<\/ul>\n<p>Del 19 al 23 de enero de 2026<\/p>\n<ul>\n<li><strong>Universidad Aut\u00f3noma,<\/strong> Edificio K, Av. Alemania #1090<\/li>\n<\/ul>\n<p>Del 20 al 21 de enero de 2026<\/p>\n<ul>\n<li><strong>Universidad de La Frontera,<\/strong> Casino Los Notros, Uruguay esquina Los Notros<\/li>\n<\/ul>\n<p>Del 20 al 22 de enero de 2026<\/p>\n<ul>\n<li><strong>Universidad Arturo Prat,<\/strong> O&#8217;Higgins #0195, Victoria<\/li>\n<\/ul>\n<p>Del 22 al 23 de enero de 2026<\/p>\n<h3><strong>Importancia de mantener la TNE activa<\/strong><\/h3>\n<p>Desde Junaeb recordaron que las TNE con sello 2025 mantienen su vigencia hasta el 31 de mayo de 2026. Por esta raz\u00f3n, el llamado a los estudiantes es a cuidar su tarjeta y evitar su extrav\u00edo o deterioro, ya que la tarjeta estudiantil es el <strong>\u00fanico medio de pago v\u00e1lido para alumnos de ense\u00f1anza media y superior<\/strong> que permite acceder a la tarifa rebajada en el transporte p\u00fablico.<\/p>\n<p>En caso de no contar con la TNE habilitada o de requerir reposici\u00f3n, <strong>deber\u00e1n pagar tarifa normal<\/strong> en el transporte p\u00fablico mientras no regularicen su situaci\u00f3n, <strong>perdiendo temporalmente el beneficio de la tarifa reducida<\/strong>.<\/p>\n<p><strong>Es importante destacar que la TNE puede ser utilizada los 365 d\u00edas del a\u00f1o<\/strong>, permitiendo a los estudiantes acceder al beneficio de tarifa rebajada, incluyendo per\u00edodos de vacaciones.<\/p>\n<h3><strong>Tr\u00e1mites disponibles durante el verano<\/strong><\/h3>\n<p>Durante el periodo estival, los estudiantes pueden realizar tr\u00e1mites y adelantar el proceso en la oficina regional de la TNE, de lunes a jueves, entre las 9:30 y las 18:00 hrs. y los viernes, de 9:30 a 17:00 hrs. Entre los servicios disponibles se encuentran:<\/p>\n<ul>\n<li><strong>Toma fotogr\u00e1fica<\/strong> para solicitud de tarjetas nuevas<\/li>\n<li><strong>Reposici\u00f3n<\/strong> de tarjetas extraviadas o da\u00f1adas<\/li>\n<li><strong>Revalidaciones<\/strong> (adhesi\u00f3n de sello 2025)<\/li>\n<\/ul>\n<h3><strong>\u00bfC\u00f3mo recargar la TNE para pagar el pasaje?<\/strong><\/h3>\n<p>La recarga de la TNE puede realizarse de forma digital a trav\u00e9s del sitio web <a href=\"http:\/\/bipay.cl\/\"><strong>Bipay.cl<\/strong><\/a> o mediante la aplicaci\u00f3n m\u00f3vil <a href=\"https:\/\/play.google.com\/store\/apps\/details?id=com.clp.bipay&amp;hl=es_CL&amp;pli=1\"><strong>Bipay Wallet<\/strong><\/a>. Adem\u00e1s, existen puntos de recarga presenciales autorizados en Temuco, cuyo detalle se encuentra disponible en <a href=\"http:\/\/bipay.cl\">Bipay.cl<\/a><\/p>\n<h3><strong>M\u00e1s informaci\u00f3n<\/strong><\/h3>\n<p>Para m\u00e1s informaci\u00f3n sobre los m\u00f3dulos de captura fotogr\u00e1fica, se recomienda revisar los canales oficiales de Junaeb. En tanto, las consultas relacionadas con el sistema de pago electr\u00f3nico pueden realizarse a trav\u00e9s de los correos ayuda@bipay.cl o temuco@bipay.cl o, de manera presencial en los Centros de Atenci\u00f3n al Usuario ubicados en Aldunate 255, Temuco, y Francisco Pleiteado 712, Padre Las Casas, en horario de lunes a viernes de 09:00 a 13:00 y de 14:00 a 17:30 horas, y s\u00e1bados de 09:30 a 12:00 horas.<\/p>\n","protected":false},"excerpt":{"rendered":"<p>Ad portas del inicio del a\u00f1o acad\u00e9mico, la Junta Nacional de Auxilio Escolar y Becas (Junaeb) adelant\u00f3 el proceso de captura fotogr\u00e1fica para que los estudiantes que ingresan a la educaci\u00f3n superior puedan obtener su Tarjeta Nacional Estudiantil (TNE). Este tr\u00e1mite resulta fundamental para acceder a la tarifa rebajada en el transporte p\u00fablico, dado que la TNE constituye el \u00fanico medio habilitante para que estudiantes de ense\u00f1anza media y superior que se desplazan por Temuco y Padre Las Casas mantengan el beneficio. Con el objetivo de facilitar el proceso, la instituci\u00f3n lanz\u00f3 su campa\u00f1a \u201cHazla corta, t\u00f3mate la foto hoy\u201d y [&hellip;]<\/p>\n","protected":false},"author":2,"featured_media":25416,"comment_status":"closed","ping_status":"open","sticky":false,"template":"","format":"standard","meta":{"_crdt_document":"","_monsterinsights_skip_tracking":false,"_monsterinsights_sitenote_active":false,"_monsterinsights_sitenote_note":"","_monsterinsights_sitenote_category":0,"_jetpack_memberships_contains_paid_content":false,"footnotes":""},"categories":[8,7,2],"tags":[],"class_list":["post-25415","post","type-post","status-publish","format-standard","has-post-thumbnail","hentry","category-internacional","category-nacional","category-regionales"],"jetpack_featured_media_url":"https:\/\/radiotemuco.com\/home\/wp-content\/uploads\/2026\/01\/TNE-Bipay.png","jetpack_sharing_enabled":true,"_links":{"self":[{"href":"https:\/\/radiotemuco.com\/home\/wp-json\/wp\/v2\/posts\/25415","targetHints":{"allow":["GET"]}}],"collection":[{"href":"https:\/\/radiotemuco.com\/home\/wp-json\/wp\/v2\/posts"}],"about":[{"href":"https:\/\/radiotemuco.com\/home\/wp-json\/wp\/v2\/types\/post"}],"author":[{"embeddable":true,"href":"https:\/\/radiotemuco.com\/home\/wp-json\/wp\/v2\/users\/2"}],"replies":[{"embeddable":true,"href":"https:\/\/radiotemuco.com\/home\/wp-json\/wp\/v2\/comments?post=25415"}],"version-history":[{"count":1,"href":"https:\/\/radiotemuco.com\/home\/wp-json\/wp\/v2\/posts\/25415\/revisions"}],"predecessor-version":[{"id":25417,"href":"https:\/\/radiotemuco.com\/home\/wp-json\/wp\/v2\/posts\/25415\/revisions\/25417"}],"wp:featuredmedia":[{"embeddable":true,"href":"https:\/\/radiotemuco.com\/home\/wp-json\/wp\/v2\/media\/25416"}],"wp:attachment":[{"href":"https:\/\/radiotemuco.com\/home\/wp-json\/wp\/v2\/media?parent=25415"}],"wp:term":[{"taxonomy":"category","embeddable":true,"href":"https:\/\/radiotemuco.com\/home\/wp-json\/wp\/v2\/categories?post=25415"},{"taxonomy":"post_tag","embeddable":true,"href":"https:\/\/radiotemuco.com\/home\/wp-json\/wp\/v2\/tags?post=25415"}],"curies":[{"name":"wp","href":"https:\/\/api.w.org\/{rel}","templated":true}]}}