{"id":25409,"date":"2026-01-24T10:21:25","date_gmt":"2026-01-24T10:21:25","guid":{"rendered":"https:\/\/radiotemuco.com\/home\/?p=25409"},"modified":"2026-01-24T10:21:25","modified_gmt":"2026-01-24T10:21:25","slug":"tributo-a-ac-dc-llega-con-todo-su-rock-and-roll-a-dreams","status":"publish","type":"post","link":"https:\/\/radiotemuco.com\/home\/tributo-a-ac-dc-llega-con-todo-su-rock-and-roll-a-dreams\/","title":{"rendered":"Tributo a AC\/DC llega con todo su &#8220;Rock And Roll&#8221; a Dreams"},"content":{"rendered":"<p>El tributo &#8220;Ball Breaker&#8221;, que conmemora la vida y obra de &#8220;AC\/DC&#8221;, aterriza en la regi\u00f3n De La Araucan\u00eda con los principales \u00e9xitos del grupo euro-oce\u00e1nico. Con casi 25 a\u00f1os de trayectoria se han transformado en un \u201cimperdible musical\u201d en los escenarios de Sudam\u00e9rica. Uno de sus vocalistas, Jos\u00e9 Luis Vera, quien caracteriza a &#8220;Angus Young&#8221;, relata acerca del auspicioso presente de su banda. &#8220;Soy de los fundadores de la primera banda en conmemoraci\u00f3n a AC\/DC en Chile. Actualmente contamos con dos grandes cantantes a nivel internacional, incluso tenemos uno que est\u00e1 colaborando con bandas estadounidenses. Ser\u00e1 una experiencia \u00fanica en Temuco\u201d, sostuvo Vera.<\/p>\n<p>Al ser un conjunto con mucho recorrido,el artista junto a sus colegas, buscan caracterizar de la manera m\u00e1s completa a los europeos. Para ello tienen un listado de imperdibles cl\u00e1sicos. &#8220;Juntamos lo mejor de todos los tributos a \u00e1lbumes que he formado junto a mis compa\u00f1eros, como Ball Breaker, Thunderstruck, High Voltage, etc. Ser\u00e1 un recorrido por los principales temas de la banda como Hard As A Rock, Boogie Man, Love Bomb, etc\u201d, expres\u00f3.<\/p>\n<p>El int\u00e9rprete de &#8220;Angus&#8221; dej\u00f3 hecha la invitaci\u00f3n para que la gente asista este s\u00e1bado a Dreams. &#8220;Como grupo, los dejamos cordialmente invitados para que exploremos todo el recorrido de esta legendaria banda. Tratamos siempre de ponerle mucho power en el escenario, en cada tributo que le hacemos a AC\/DC. El lugar es maravilloso, las instalaciones tambi\u00e9n, as\u00ed que nos encontramos para vibrar con todo el &#8220;Rock N&#8217;Roll&#8221;, cerr\u00f3 la voz del homenaje.<\/p>\n<p>El evento arrancar\u00e1 no antes de las 23:00 horas en el escenario del restobar Lucky Seven del casino de juegos. El ingreso al show es gratuito con la entrada al centro de entretenci\u00f3n, cuyo importe total es en beneficio fiscal.<\/p>\n","protected":false},"excerpt":{"rendered":"<p>El tributo &#8220;Ball Breaker&#8221;, que conmemora la vida y obra de &#8220;AC\/DC&#8221;, aterriza en la regi\u00f3n De La Araucan\u00eda con los principales \u00e9xitos del grupo euro-oce\u00e1nico. Con casi 25 a\u00f1os de trayectoria se han transformado en un \u201cimperdible musical\u201d en los escenarios de Sudam\u00e9rica. Uno de sus vocalistas, Jos\u00e9 Luis Vera, quien caracteriza a &#8220;Angus Young&#8221;, relata acerca del auspicioso presente de su banda. &#8220;Soy de los fundadores de la primera banda en conmemoraci\u00f3n a AC\/DC en Chile. Actualmente contamos con dos grandes cantantes a nivel internacional, incluso tenemos uno que est\u00e1 colaborando con bandas estadounidenses. Ser\u00e1 una experiencia \u00fanica en [&hellip;]<\/p>\n","protected":false},"author":2,"featured_media":25410,"comment_status":"closed","ping_status":"open","sticky":false,"template":"","format":"standard","meta":{"_crdt_document":"","_monsterinsights_skip_tracking":false,"_monsterinsights_sitenote_active":false,"_monsterinsights_sitenote_note":"","_monsterinsights_sitenote_category":0,"_jetpack_memberships_contains_paid_content":false,"footnotes":""},"categories":[8,7,2],"tags":[],"class_list":["post-25409","post","type-post","status-publish","format-standard","has-post-thumbnail","hentry","category-internacional","category-nacional","category-regionales"],"jetpack_featured_media_url":"https:\/\/radiotemuco.com\/home\/wp-content\/uploads\/2026\/01\/WhatsApp-Image-2026-01-23-at-09.43.46.jpeg","jetpack_sharing_enabled":true,"_links":{"self":[{"href":"https:\/\/radiotemuco.com\/home\/wp-json\/wp\/v2\/posts\/25409","targetHints":{"allow":["GET"]}}],"collection":[{"href":"https:\/\/radiotemuco.com\/home\/wp-json\/wp\/v2\/posts"}],"about":[{"href":"https:\/\/radiotemuco.com\/home\/wp-json\/wp\/v2\/types\/post"}],"author":[{"embeddable":true,"href":"https:\/\/radiotemuco.com\/home\/wp-json\/wp\/v2\/users\/2"}],"replies":[{"embeddable":true,"href":"https:\/\/radiotemuco.com\/home\/wp-json\/wp\/v2\/comments?post=25409"}],"version-history":[{"count":1,"href":"https:\/\/radiotemuco.com\/home\/wp-json\/wp\/v2\/posts\/25409\/revisions"}],"predecessor-version":[{"id":25411,"href":"https:\/\/radiotemuco.com\/home\/wp-json\/wp\/v2\/posts\/25409\/revisions\/25411"}],"wp:featuredmedia":[{"embeddable":true,"href":"https:\/\/radiotemuco.com\/home\/wp-json\/wp\/v2\/media\/25410"}],"wp:attachment":[{"href":"https:\/\/radiotemuco.com\/home\/wp-json\/wp\/v2\/media?parent=25409"}],"wp:term":[{"taxonomy":"category","embeddable":true,"href":"https:\/\/radiotemuco.com\/home\/wp-json\/wp\/v2\/categories?post=25409"},{"taxonomy":"post_tag","embeddable":true,"href":"https:\/\/radiotemuco.com\/home\/wp-json\/wp\/v2\/tags?post=25409"}],"curies":[{"name":"wp","href":"https:\/\/api.w.org\/{rel}","templated":true}]}}