{"id":25406,"date":"2026-01-23T10:18:20","date_gmt":"2026-01-23T10:18:20","guid":{"rendered":"https:\/\/radiotemuco.com\/home\/?p=25406"},"modified":"2026-01-24T10:19:54","modified_gmt":"2026-01-24T10:19:54","slug":"los-hermanos-zabaleta-iconico-dueto-nacional-este-viernes-23-enero-en-dreams","status":"publish","type":"post","link":"https:\/\/radiotemuco.com\/home\/los-hermanos-zabaleta-iconico-dueto-nacional-este-viernes-23-enero-en-dreams\/","title":{"rendered":"Los Hermanos Zabaleta: ic\u00f3nico dueto nacional este viernes 23 enero en Dreams"},"content":{"rendered":"<p>Al hablar de ellos no se necesita mucha presentaci\u00f3n. Es un cl\u00e1sico nacional que se presentar\u00e1 este fin de semana en Dreams. Son Los Hermanos Antonio y Miguel Zabaleta, dupla con m\u00e1s de 60 a\u00f1os de trayectoria arriba de los escenarios que se mantiene m\u00e1s vigente que nunca.<\/p>\n<p>Los artistas iniciaron su carrera musical fundando el grupo \u201cRed Juniors\u201d, que se mantuvo activo hasta el 1967. Su g\u00e9nero estaba cargado al rock y baladas de la \u00e9poca, marcando un gui\u00f1o a conjuntos estadounidenses como \u201cThe Shadows\u201d, o \u201cThe Everly Brothers\u201d. En 1965, Antonio inicia su carrera como solista y su hermano menor queda como \u00fanico vocalista de la banda. Luego de la disoluci\u00f3n de \u201cLos Red\u201d, pasaron cerca de 20 a\u00f1os para el reencuentro familiar en la tarima.<\/p>\n<p>A mediados de la d\u00e9cada de los 80\u2019s, los hermanos se vuelven a unir bajo el nombre de \u201cLos Hermanos Zabaleta\u201d, d\u00fao que permanece activo hasta el presente. Una buena actualidad que resume Miguel. \u201cMientras tengamos energ\u00edas y ganas de seguir haciendo lo que amamos, nos mantendremos arriba del escenario. El cari\u00f1o y el agradecimiento de la gente nos motivan a seguir gestionando giras y nuevos eventos. Me siento feliz todav\u00eda al cantar y tocar. Espero seguir si\u00e9ndolo\u201d, afirm\u00f3 Zabaleta.<\/p>\n<p>La playlist del binomio ser\u00e1 un recorrido y homenaje a sus 63 a\u00f1os de presentaciones por todo el pa\u00eds, asegurando emociones y sensaciones evocativas. \u201cEn m\u00e1s de 60 a\u00f1os es dif\u00edcil recordar la cantidad de canciones que hemos lanzado y cada uno de sus nombres, pero s\u00ed prometo un viaje al pasado, a esas d\u00e9cadas en que nosotros crecimos y sus padres eran m\u00e1s j\u00f3venes, tal vez ustedes ni exist\u00edan. Obviamente que nuestro sello ic\u00f3nico dir\u00e1 presente.\u201d El Molino\u201d, \u201cVoy A Ver\u201d, \u201cEl Alma Joven\u201d y varias m\u00e1s que debemos tener por ah\u00ed\u201d, sentenci\u00f3 el menor de los Zabaleta.<\/p>\n<p>Tambi\u00e9n, el ex representante de los \u201cRed Juniors\u201d, expres\u00f3 su satisfacci\u00f3n por reencontrarse con el p\u00fablico sure\u00f1o. \u201cHemos estado muchas veces en la regi\u00f3n de La Araucan\u00eda y se siente la proximidad que hay con la gente. Las instalaciones son impecables. Cada vez que vamos, nos hacen sentir tanto a Antonio, como a m\u00ed, como si estuvi\u00e9semos en casa. Imagino que los habitantes de Temuco y alrededores est\u00e1n orgullosos de tener un lugar tan valioso como el Dreams\u201d, cerr\u00f3 Miguel, quien entreg\u00f3 un mensaje a su fanaticada. \u201cLos esperamos el fin de semana para que revivamos la m\u00fasica chilena, esa que uni\u00f3 generaciones y que sigue siendo escuchada por miles de o\u00eddos. Tenemos muchas ganas de entregar un buen espect\u00e1culo, el equipo detr\u00e1s de escena es maravilloso y nos sentimos plenamente vigentes para vibrar una vez m\u00e1s con ustedes\u201d, enfatiz\u00f3 el cantante.<\/p>\n<p>El evento de \u201cLos Hermanos Zabaleta\u201d ser\u00e1 este viernes en el restobar Lucky 7 del casino de juegos local, no antes de las 23:00 hrs. El ingreso al show es liberado, portando la entrada al casino, cuyo importe total es en beneficio fiscal.<\/p>\n","protected":false},"excerpt":{"rendered":"<p>Al hablar de ellos no se necesita mucha presentaci\u00f3n. Es un cl\u00e1sico nacional que se presentar\u00e1 este fin de semana en Dreams. Son Los Hermanos Antonio y Miguel Zabaleta, dupla con m\u00e1s de 60 a\u00f1os de trayectoria arriba de los escenarios que se mantiene m\u00e1s vigente que nunca. Los artistas iniciaron su carrera musical fundando el grupo \u201cRed Juniors\u201d, que se mantuvo activo hasta el 1967. Su g\u00e9nero estaba cargado al rock y baladas de la \u00e9poca, marcando un gui\u00f1o a conjuntos estadounidenses como \u201cThe Shadows\u201d, o \u201cThe Everly Brothers\u201d. En 1965, Antonio inicia su carrera como solista y su hermano [&hellip;]<\/p>\n","protected":false},"author":2,"featured_media":25407,"comment_status":"closed","ping_status":"open","sticky":false,"template":"","format":"standard","meta":{"_crdt_document":"","_monsterinsights_skip_tracking":false,"_monsterinsights_sitenote_active":false,"_monsterinsights_sitenote_note":"","_monsterinsights_sitenote_category":0,"_jetpack_memberships_contains_paid_content":false,"footnotes":""},"categories":[8,7,2],"tags":[],"class_list":["post-25406","post","type-post","status-publish","format-standard","has-post-thumbnail","hentry","category-internacional","category-nacional","category-regionales"],"jetpack_featured_media_url":"https:\/\/radiotemuco.com\/home\/wp-content\/uploads\/2026\/01\/WhatsApp-Image-2026-01-22-at-16.07.11.jpeg","jetpack_sharing_enabled":true,"_links":{"self":[{"href":"https:\/\/radiotemuco.com\/home\/wp-json\/wp\/v2\/posts\/25406","targetHints":{"allow":["GET"]}}],"collection":[{"href":"https:\/\/radiotemuco.com\/home\/wp-json\/wp\/v2\/posts"}],"about":[{"href":"https:\/\/radiotemuco.com\/home\/wp-json\/wp\/v2\/types\/post"}],"author":[{"embeddable":true,"href":"https:\/\/radiotemuco.com\/home\/wp-json\/wp\/v2\/users\/2"}],"replies":[{"embeddable":true,"href":"https:\/\/radiotemuco.com\/home\/wp-json\/wp\/v2\/comments?post=25406"}],"version-history":[{"count":1,"href":"https:\/\/radiotemuco.com\/home\/wp-json\/wp\/v2\/posts\/25406\/revisions"}],"predecessor-version":[{"id":25408,"href":"https:\/\/radiotemuco.com\/home\/wp-json\/wp\/v2\/posts\/25406\/revisions\/25408"}],"wp:featuredmedia":[{"embeddable":true,"href":"https:\/\/radiotemuco.com\/home\/wp-json\/wp\/v2\/media\/25407"}],"wp:attachment":[{"href":"https:\/\/radiotemuco.com\/home\/wp-json\/wp\/v2\/media?parent=25406"}],"wp:term":[{"taxonomy":"category","embeddable":true,"href":"https:\/\/radiotemuco.com\/home\/wp-json\/wp\/v2\/categories?post=25406"},{"taxonomy":"post_tag","embeddable":true,"href":"https:\/\/radiotemuco.com\/home\/wp-json\/wp\/v2\/tags?post=25406"}],"curies":[{"name":"wp","href":"https:\/\/api.w.org\/{rel}","templated":true}]}}